{"id":670,"date":"2022-03-22T16:11:00","date_gmt":"2022-03-22T15:11:00","guid":{"rendered":"http:\/\/www.crs-roznov.cz\/wordpress\/?p=670"},"modified":"2022-03-26T10:37:49","modified_gmt":"2022-03-26T09:37:49","slug":"vyrocni-clenska-schuze-spojena-s-volbami-vyboru-crs-mo-roznov-pro-funkcni-obdobi-2022-2026-sobota-26-03-2022-od-0900-hod","status":"publish","type":"post","link":"https:\/\/www.crs-roznov.cz\/wordpress\/2022\/03\/22\/vyrocni-clenska-schuze-spojena-s-volbami-vyboru-crs-mo-roznov-pro-funkcni-obdobi-2022-2026-sobota-26-03-2022-od-0900-hod\/","title":{"rendered":""},"content":{"rendered":"\n<h2 class=\"has-medium-pink-color has-text-color has-text-align-center wp-block-heading\"><strong>!!! JI\u017d TUTO SOBOTU 26.03.2022 !!!<\/strong><\/h2>\n\n\n<p><!--StartFragment--><\/p>\n\n\n<h2 class=\"wp-block-heading\">V\u00fdro\u010dn\u00ed \u010dlensk\u00e1 sch\u016fze spojena s volbami V\u00fdboru \u010cRS MO Ro\u017enov pro funk\u010dn\u00ed obdob\u00ed 2022- 2026, sobota 26.03.2022, od 09:00 hod<\/h2>\n\n\n\n<p>V\u00fdro\u010dn\u00ed \u010dlensk\u00e1 sch\u016fze spojena s volbami V\u00fdboru \u010cRS MO Ro\u017enov pro funk\u010dn\u00ed obdob\u00ed 2022- 2026 prob\u011bhne dle v\u00fdvoje epidemiologick\u00e9 situace. <\/p>\n\n\n\n<p>V\u00fdro\u010dn\u00ed \u010dlensk\u00e1 sch\u016fze je napl\u00e1nov\u00e1na na sobotu, 26.03.2022, od 09:00 hod v prostor\u00e1ch Konferen\u010dn\u00edho s\u00e1lu Vala\u0161sk\u00e9ho muzea v p\u0159\u00edrod\u011b, Ro\u017enov pod Radho\u0161t\u011bm. Konferen\u010dn\u00ed s\u00e1l se nach\u00e1z\u00ed v Budov\u011b Su\u0161\u00e1ku u hlavn\u00edho vchodu a pokladen NVMP.<\/p>\n\n\n\n<p>P\u0159\u00edpadn\u00ed z\u00e1jemci o pr\u00e1ci ve V\u00fdboru MO mohou zaslat svou kandidaturu jednateli MO.<\/p>\n\n\n\n<p>T\u011b\u0161\u00edme se na hojnou \u00fa\u010dast.<\/p>\n\n\n\n<figure class=\"wp-block-image size-large\"><img loading=\"lazy\" decoding=\"async\" width=\"800\" height=\"800\" src=\"https:\/\/www.crs-roznov.cz\/wordpress\/wp-content\/uploads\/2022\/01\/VCS_2022_pozvanka-1.jpg\" alt=\"\" class=\"wp-image-651\" srcset=\"https:\/\/www.crs-roznov.cz\/wordpress\/wp-content\/uploads\/2022\/01\/VCS_2022_pozvanka-1.jpg 800w, https:\/\/www.crs-roznov.cz\/wordpress\/wp-content\/uploads\/2022\/01\/VCS_2022_pozvanka-1-300x300.jpg 300w, https:\/\/www.crs-roznov.cz\/wordpress\/wp-content\/uploads\/2022\/01\/VCS_2022_pozvanka-1-150x150.jpg 150w, https:\/\/www.crs-roznov.cz\/wordpress\/wp-content\/uploads\/2022\/01\/VCS_2022_pozvanka-1-768x768.jpg 768w\" sizes=\"auto, (max-width: 800px) 100vw, 800px\" \/><\/figure>\n\n\n\n<div class=\"wp-block-file\"><a href=\"https:\/\/www.crs-roznov.cz\/wordpress\/wp-content\/uploads\/2022\/01\/VCS_2022_pozvanka-1.pdf\">VCS_2022_pozvanka-1<\/a><a href=\"https:\/\/www.crs-roznov.cz\/wordpress\/wp-content\/uploads\/2022\/01\/VCS_2022_pozvanka-1.pdf\" class=\"wp-block-file__button\" download>St\u00e1hnout<\/a><\/div>\n\n\n\n<p><\/p>\n\n\n<p><!--EndFragment--><\/p>","protected":false},"excerpt":{"rendered":"<p>!!! JI\u017d TUTO SOBOTU 26.03.2022 !!! V\u00fdro\u010dn\u00ed \u010dlensk\u00e1 sch\u016fze spojena s volbami V\u00fdboru \u010cRS MO Ro\u017enov pro funk\u010dn\u00ed obdob\u00ed 2022- 2026, sobota 26.03.2022, od 09:00 hod V\u00fdro\u010dn\u00ed \u010dlensk\u00e1 sch\u016fze spojena s volbami V\u00fdboru \u010cRS MO Ro\u017enov pro funk\u010dn\u00ed obdob\u00ed 2022- 2026 prob\u011bhne dle v\u00fdvoje epidemiologick\u00e9 situace. V\u00fdro\u010dn\u00ed \u010dlensk\u00e1 sch\u016fze je napl\u00e1nov\u00e1na na sobotu, 26.03.2022, od [&hellip;]<\/p>\n","protected":false},"author":10,"featured_media":0,"comment_status":"open","ping_status":"open","sticky":false,"template":"","format":"standard","meta":{"footnotes":""},"categories":[1],"tags":[],"class_list":["post-670","post","type-post","status-publish","format-standard","hentry","category-nezarazene"],"_links":{"self":[{"href":"https:\/\/www.crs-roznov.cz\/wordpress\/wp-json\/wp\/v2\/posts\/670","targetHints":{"allow":["GET"]}}],"collection":[{"href":"https:\/\/www.crs-roznov.cz\/wordpress\/wp-json\/wp\/v2\/posts"}],"about":[{"href":"https:\/\/www.crs-roznov.cz\/wordpress\/wp-json\/wp\/v2\/types\/post"}],"author":[{"embeddable":true,"href":"https:\/\/www.crs-roznov.cz\/wordpress\/wp-json\/wp\/v2\/users\/10"}],"replies":[{"embeddable":true,"href":"https:\/\/www.crs-roznov.cz\/wordpress\/wp-json\/wp\/v2\/comments?post=670"}],"version-history":[{"count":2,"href":"https:\/\/www.crs-roznov.cz\/wordpress\/wp-json\/wp\/v2\/posts\/670\/revisions"}],"predecessor-version":[{"id":686,"href":"https:\/\/www.crs-roznov.cz\/wordpress\/wp-json\/wp\/v2\/posts\/670\/revisions\/686"}],"wp:attachment":[{"href":"https:\/\/www.crs-roznov.cz\/wordpress\/wp-json\/wp\/v2\/media?parent=670"}],"wp:term":[{"taxonomy":"category","embeddable":true,"href":"https:\/\/www.crs-roznov.cz\/wordpress\/wp-json\/wp\/v2\/categories?post=670"},{"taxonomy":"post_tag","embeddable":true,"href":"https:\/\/www.crs-roznov.cz\/wordpress\/wp-json\/wp\/v2\/tags?post=670"}],"curies":[{"name":"wp","href":"https:\/\/api.w.org\/{rel}","templated":true}]}}