{"id":536,"date":"2021-11-09T20:33:39","date_gmt":"2021-11-09T19:33:39","guid":{"rendered":"http:\/\/www.crs-roznov.cz\/wordpress\/?p=536"},"modified":"2021-11-09T20:33:39","modified_gmt":"2021-11-09T19:33:39","slug":"stav-zachranneho-prelovu-v-souvislosti-s-opravou-nabrezi-roznovske-becvy-k-7-11-2021","status":"publish","type":"post","link":"https:\/\/www.crs-roznov.cz\/wordpress\/2021\/11\/09\/stav-zachranneho-prelovu-v-souvislosti-s-opravou-nabrezi-roznovske-becvy-k-7-11-2021\/","title":{"rendered":"Stav z\u00e1chrann\u00e9ho p\u0159elovu v souvislosti s opravou n\u00e1b\u0159e\u017e\u00ed Ro\u017enovsk\u00e9 Be\u010dvy k 7.11.2021"},"content":{"rendered":"\n<p>O v\u00edkendu (6.+7.11.) prob\u011bhl odlov na dal\u0161\u00ed \u010d\u00e1sti n\u00e1b\u0159e\u017e\u00ed Ro\u017enovsk\u00e9 Be\u010dvy, kv\u016fli  prob\u00edhaj\u00edc\u00ed oprav\u011b. Na p\u0159ilo\u017een\u00e9 mapce je \u010dervenou \u010darou zn\u00e1zorn\u011bn  p\u0159eloven\u00fd \u00fasek, dvojitou \u010dervenou \u010darou pak \u00fasek znovuzarybn\u011bn\u00fd, kde  jsou opravy ji\u017e ukon\u010deny.<\/p>\n\n\n\n<p> <a rel=\"noreferrer noopener\" href=\"https:\/\/mapy.cz\/s\/hodurorune\" target=\"_blank\">https:\/\/mapy.cz\/\u2026une<\/a>  <\/p>\n\n\n\n<figure class=\"wp-block-image size-large\"><img loading=\"lazy\" decoding=\"async\" width=\"1024\" height=\"683\" src=\"https:\/\/www.crs-roznov.cz\/wordpress\/wp-content\/uploads\/2021\/11\/07.11.2021-1024x683.jpg\" alt=\"\" class=\"wp-image-537\" srcset=\"https:\/\/www.crs-roznov.cz\/wordpress\/wp-content\/uploads\/2021\/11\/07.11.2021-1024x683.jpg 1024w, https:\/\/www.crs-roznov.cz\/wordpress\/wp-content\/uploads\/2021\/11\/07.11.2021-300x200.jpg 300w, https:\/\/www.crs-roznov.cz\/wordpress\/wp-content\/uploads\/2021\/11\/07.11.2021-768x512.jpg 768w, https:\/\/www.crs-roznov.cz\/wordpress\/wp-content\/uploads\/2021\/11\/07.11.2021.jpg 1026w\" sizes=\"auto, (max-width: 1024px) 100vw, 1024px\" \/><figcaption>stav p\u0159elovu v souvislosti s opravou Ro\u017enovsk\u00e9 Be\u010dvy k 07.11.2021<\/figcaption><\/figure>\n\n\n\n<p><\/p>\n","protected":false},"excerpt":{"rendered":"<p>O v\u00edkendu (6.+7.11.) prob\u011bhl odlov na dal\u0161\u00ed \u010d\u00e1sti n\u00e1b\u0159e\u017e\u00ed Ro\u017enovsk\u00e9 Be\u010dvy, kv\u016fli prob\u00edhaj\u00edc\u00ed oprav\u011b. Na p\u0159ilo\u017een\u00e9 mapce je \u010dervenou \u010darou zn\u00e1zorn\u011bn p\u0159eloven\u00fd \u00fasek, dvojitou \u010dervenou \u010darou pak \u00fasek znovuzarybn\u011bn\u00fd, kde jsou opravy ji\u017e ukon\u010deny. https:\/\/mapy.cz\/\u2026une<\/p>\n","protected":false},"author":1,"featured_media":0,"comment_status":"open","ping_status":"open","sticky":false,"template":"","format":"standard","meta":{"footnotes":""},"categories":[1],"tags":[],"class_list":["post-536","post","type-post","status-publish","format-standard","hentry","category-nezarazene"],"_links":{"self":[{"href":"https:\/\/www.crs-roznov.cz\/wordpress\/wp-json\/wp\/v2\/posts\/536","targetHints":{"allow":["GET"]}}],"collection":[{"href":"https:\/\/www.crs-roznov.cz\/wordpress\/wp-json\/wp\/v2\/posts"}],"about":[{"href":"https:\/\/www.crs-roznov.cz\/wordpress\/wp-json\/wp\/v2\/types\/post"}],"author":[{"embeddable":true,"href":"https:\/\/www.crs-roznov.cz\/wordpress\/wp-json\/wp\/v2\/users\/1"}],"replies":[{"embeddable":true,"href":"https:\/\/www.crs-roznov.cz\/wordpress\/wp-json\/wp\/v2\/comments?post=536"}],"version-history":[{"count":1,"href":"https:\/\/www.crs-roznov.cz\/wordpress\/wp-json\/wp\/v2\/posts\/536\/revisions"}],"predecessor-version":[{"id":538,"href":"https:\/\/www.crs-roznov.cz\/wordpress\/wp-json\/wp\/v2\/posts\/536\/revisions\/538"}],"wp:attachment":[{"href":"https:\/\/www.crs-roznov.cz\/wordpress\/wp-json\/wp\/v2\/media?parent=536"}],"wp:term":[{"taxonomy":"category","embeddable":true,"href":"https:\/\/www.crs-roznov.cz\/wordpress\/wp-json\/wp\/v2\/categories?post=536"},{"taxonomy":"post_tag","embeddable":true,"href":"https:\/\/www.crs-roznov.cz\/wordpress\/wp-json\/wp\/v2\/tags?post=536"}],"curies":[{"name":"wp","href":"https:\/\/api.w.org\/{rel}","templated":true}]}}