{"id":495,"date":"2021-09-01T15:29:00","date_gmt":"2021-09-01T13:29:00","guid":{"rendered":"http:\/\/www.crs-roznov.cz\/wordpress\/?p=495"},"modified":"2021-10-02T15:31:18","modified_gmt":"2021-10-02T13:31:18","slug":"zaloha-aktualit-ze-stareho-webu","status":"publish","type":"post","link":"https:\/\/www.crs-roznov.cz\/wordpress\/2021\/09\/01\/zaloha-aktualit-ze-stareho-webu\/","title":{"rendered":"z\u00e1loha aktualit ze star\u00e9ho webu"},"content":{"rendered":"<p>&lt;BR&gt;<\/p>\n<p>&lt;h4 style=&#8220;font-family: verdana; font-size: 14; font-weight: bold; COLOR: navy&#8220;&gt;!!! \u00dahyn na toku Kn\u011bhyn\u011b !!!&lt;\/h4&gt;<\/p>\n<p>&lt;BR&gt;V p\u00e1tek, 30. \u010dervence kolem poledne byl zji\u0161t\u011bn \u00fahyn ryb \u0159ece Kn\u011bhyn\u011b a to n\u011bkolik stovek metr\u016f nad restaurac\u00ed Zavadilka.<\/p>\n<p>Bezprost\u0159edn\u011b po zji\u0161t\u011bn\u00ed byli kontaktov\u00e1ni pracovn\u00edci odboru \u017dP z Ro\u017enova p\/R a tak\u00e9 hasi\u010di, kte\u0159\u00ed odebrali nezbytn\u00e9 vzorky pro n\u00e1sledn\u00fd rozbor ve specializovan\u00e9 laborato\u0159i.<\/p>\n<p>O sb\u011br p\u0159ibli\u017en\u011b 400 kus\u016f uhynul\u00fdch pstruh\u016f a n\u011bkolik vranek se je\u0161t\u011b v pr\u016fb\u011bhu soboty postaral \u010dlen v\u00fdboru MO Ro\u017enov p\/R, pan Zden\u011bk R\u00e1ra.<\/p>\n<p>&lt;BR&gt;&lt;BR&gt;&lt;\/ul&gt;&lt;\/ul&gt;<\/p>\n<p>Dal\u0161\u00ed aktu\u00e1ln\u00ed informace, v\u010detn\u011b fotografii najdete na Facebookov\u00fdch str\u00e1nk\u00e1ch Severomoravsk\u00fd ryb\u00e1\u0159 pop\u0159\u00edpad\u011b na optimalizovan\u00e9 verzi webu &lt;BR&gt;<\/p>\n<p>Nov\u00fd web&lt;a href = https:\/\/www.crs-roznov.cz\/wordpress\/\u00a0 target=&#8220;_blank&#8220;&gt; &lt;b&gt;k dispozici zde&lt;\/b&gt;&lt;\/a&gt;<\/p>\n<p>&lt;\/h4&gt;<\/p>\n<p>&lt;\/ul&gt;<\/p>\n<p>&lt;BR&gt;<\/p>\n<p>Facebookovy profil Severomoravsk\u00fd ryb\u00e1\u0159&lt;a href = https:\/\/www.facebook.com\/rybsvazms.cz\u00a0 target=&#8220;_blank&#8220;&gt; &lt;b&gt;k dispozici zde&lt;\/b&gt;&lt;\/a&gt;<\/p>\n<p>&lt;\/h4&gt;<\/p>\n<p>&lt;\/ul&gt;<\/p>\n<p>&lt;\/h4&gt;<\/p>\n<p>&lt;\/ul&gt;<\/p>\n<p>&lt;br&gt;&lt;BR&gt;<\/p>\n<p>&lt;\/ul&gt;<\/p>\n<p>&lt;BR&gt;&lt;BR&gt;<\/p>\n<p>Hospod\u00e1\u0159 MO Ing.Martin Hol\u010d\u00e1k<\/p>\n<p>&lt;BR&gt;&lt;BR&gt;<\/p>\n<p>&lt;HR color=&#8220;#FF0000&#8243;&gt;<\/p>\n<p>&lt;\/SPAN&gt;<\/p>\n<p>&lt;HR color=&#8220;#FF0000&#8243;&gt;<\/p>\n<p>&lt;\/SPAN&gt;<\/p>\n<p>&lt;BR&gt;<\/p>\n<p>&lt;h4 style=&#8220;font-family: verdana; font-size: 14; font-weight: bold; COLOR: navy&#8220;&gt;!!! V\u00fdsledek jedn\u00e1n\u00ed L\u010cR- p\u0159ibli\u017eov\u00e1n\u00ed d\u0159eva a a potoky !!!&lt;\/h4&gt;<\/p>\n<p>&lt;BR&gt;&lt;BR&gt;Zdrav\u00edm p\u00e1nov\u00e9. V p\u0159\u00edloze zas\u00edl\u00e1m kone\u010dn\u011b &#8211; kone\u010dnou a v\u0161emi\u00a0 stranami odsouhlasenou a podepsanou ofici\u00e1ln\u00ed verzi\u00a0 v\u00fdsledku jedn\u00e1n\u00ed\u00a0 mezi L\u010cR a MO \u010cRS Ro\u017enov p\/R, tedy n\u00e1mi i CHKO Beskydy, ohledn\u011b problematiky\u00a0 t\u011b\u017eby a p\u0159ibli\u017eov\u00e1n\u00ed d\u0159eva a jejich dopad\u016f na vodn\u00ed toky &#8211; dosp\u011bli jsme k\u00a0 jist\u00e9mu kompromisu. M\u011bla by b\u00fdt tedy z\u00e1vazn\u00e1. V\u011b\u0159\u00edm, \u017ee se je poda\u0159\u00ed prosadit i v praxi pokud to situace v les\u00edch bude vy\u017eadovat.<\/p>\n<p>Cht\u011bl\u00a0 bych pod\u011bkovat &#8211; Ing. Pavlu Popel\u00e1\u0159ovi (CHKO) za organizaci a veden\u00ed\u00a0 jedn\u00e1n\u00ed. Mgr. Miroslavu Kub\u00ednovi (CHKO) a Ing. Danielu Gebauerovi (\u010cRS\u00a0 \u00daS pro Severn\u00ed Moravu a Slezsko)\u00a0 za podporu na\u0161ich spole\u010dn\u00fdch\u00a0 argument\u016f. A samoz\u0159ejm\u011b i Ing. Zde\u0148kovi Kneislovi a Ing. Liboru Dobe\u0161ovi\u00a0 (L\u010cR) za ochotu sednout si k jednac\u00edmu stolu.<\/p>\n<p>&lt;BR&gt;&lt;BR&gt;\u00a0 Va\u0161ek Li\u0161ka, pov\u011b\u0159en\u00fd \u010dlen pro v\u011bci vodopr\u00e1vn\u00ed<\/p>\n<p>&lt;BR&gt;&lt;BR&gt;<\/p>\n<p>&lt;BR&gt;Z\u00e1pis je k &lt;a href = aktuality\/SKM_C45821080914580.pdf target=&#8220;_blank&#8220;&gt; &lt;b&gt;k dispozici zde&lt;\/b&gt;&lt;\/a&gt;<\/p>\n<p>&lt;BR&gt;<\/p>\n<p>&lt;HR color=&#8220;#FF0000&#8243;&gt;<\/p>\n<p>&lt;\/SPAN&gt;<\/p>\n<p>&lt;HR color=&#8220;#FF0000&#8243;&gt;<\/p>\n<p>&lt;\/SPAN&gt;<\/p>\n<p>&lt;BR&gt;<\/p>\n<p>&lt;h4 style=&#8220;font-family: verdana; font-size: 14; font-weight: bold; COLOR: navy&#8220;&gt;!!! Genetika pstruha na rev\u00edru Ro\u017enovsk\u00e1 Be\u010dva 2&lt;\/h4&gt;<\/p>\n<p>&lt;BR&gt;N\u00e1\u0161 rev\u00edr byl za\u0159azen do lokalit, kde budou letos pracovn\u00edci z Akadamie v\u011bd prov\u00e1d\u011bt odb\u011bry pro v\u00fdzkum genetiky pstruha obecn\u00e9ho. Bude proveden odlov na minim\u00e1ln\u011b jednom stometrov\u00e9m \u00faseku toku Be\u010dvy. Odloven\u00e9 lososovit\u00e9 ryby budou zm\u011b\u0159eny a zv\u00e1\u017eeny a ur\u010dit\u00e9 \u010d\u00e1sti odloven\u00fdch poto\u010d\u00e1k\u016f bude odebr\u00e1n vzorek ploutve pro genetickou anal\u00fdzu. V\u0161echny ryby budou pak n\u00e1sledn\u011b vr\u00e1ceny zp\u011bt.<\/p>\n<p>Odlov maj\u00ed akademici napl\u00e1novan\u00fd na \u00fater\u00fd 27.7. v dopoledn\u00edch hodin\u00e1ch (cca9:30) na Prost\u0159edn\u00ed Be\u010dv\u011b.<\/p>\n<p>Pros\u00edm vedouc\u00edho ryb\u00e1\u0159sk\u00e9 str\u00e1\u017ee, aby se tato informace dostala ke \u010dlen\u016fm RS.<\/p>\n<p>Odlovu se za na\u0161i MO z\u00fa\u010dastn\u00ed (jen jako pozorovatel) pan Zden\u011bk R\u00e1ra.&lt;\/b&gt;&lt;\/a&gt;<\/p>\n<p>&lt;BR&gt;&lt;BR&gt;<\/p>\n<p>Hospod\u00e1\u0159 MO Ing.Martin Hol\u010d\u00e1k<\/p>\n<p>&lt;BR&gt;&lt;BR&gt;<\/p>\n<p>&lt;HR color=&#8220;#FF0000&#8243;&gt;<\/p>\n<p>&lt;\/SPAN&gt;<\/p>\n<p>&lt;HR color=&#8220;#FF0000&#8243;&gt;<\/p>\n<p>&lt;\/SPAN&gt;<\/p>\n<p>&lt;BR&gt;<\/p>\n<p>&lt;h4 style=&#8220;font-family: verdana; font-size: 14; font-weight: bold; COLOR: navy&#8220;&gt;!!! Pozv\u00e1nka na \u00fazemn\u00ed konferenci &#8211; p\u0159elo\u017een\u00fd term\u00edn 29.07.2021&lt;\/h4&gt;<\/p>\n<p>&lt;BR&gt;Pozv\u00e1nka na \u00fazemn\u00ed konferenci je k &lt;a href = aktuality\/Pozvanka_konference_Paskov.pdf target=&#8220;_blank&#8220;&gt; &lt;b&gt;k dispozici zde&lt;\/b&gt;&lt;\/a&gt;<\/p>\n<p>&lt;BR&gt;<\/p>\n<p>&lt;HR color=&#8220;#FF0000&#8243;&gt;<\/p>\n<p>&lt;\/SPAN&gt;<\/p>\n<p>&lt;BR&gt;<\/p>\n<p>&lt;h4 style=&#8220;font-family: verdana; font-size: 14; font-weight: bold; COLOR: navy&#8220;&gt;!!! Sch\u016fze V\u00fdboru MO Ro\u017enov &#8211; 14.06.2021!!!&lt;\/h4&gt;<\/p>\n<p>&lt;BR&gt;Z\u00e1pis se Sch\u016fze V\u00fdboru MO, konan\u00e9 v pond\u011bl\u00ed 14.06.2021 je k &lt;a href = aktuality\/zapis_cerven_2021.pdf target=&#8220;_blank&#8220;&gt; &lt;b&gt;k dispozici zde&lt;\/b&gt;&lt;\/a&gt;<\/p>\n<p>&lt;BR&gt;<\/p>\n<p>&lt;HR color=&#8220;#FF0000&#8243;&gt;<\/p>\n<p>&lt;\/SPAN&gt;<\/p>\n<p>&lt;HR color=&#8220;#FF0000&#8243;&gt;<\/p>\n<p>&lt;h4 style=&#8220;font-family: verdana; font-size: 14; font-weight: bold; COLOR: navy&#8220;&gt;!!! Stanovisko Ministerstva zem\u011bd\u011blstv\u00ed !!!&lt;\/h4&gt;<\/p>\n<p>&lt;li&gt;V\u00e1\u017een\u00e9 kolegyn\u011b, v\u00e1\u017een\u00ed kolegov\u00e9,<\/p>\n<p>na str\u00e1nk\u00e1ch Ministerstva zem\u011bd\u011blstv\u00ed se objevila n\u00e1sleduj\u00edc\u00ed zpr\u00e1va:<\/p>\n<p>http:\/\/eagri.cz\/public\/web\/mze\/lesy\/novinky\/stanovisko-ministerstva-zemedelstvi-k.html<\/p>\n<p>Zkop\u00edroval jsem text a vlo\u017eil do p\u0159ilo\u017een\u00e9ho dokumentu.<\/p>\n<p>Pros\u00edm, \u0161i\u0159te dle mo\u017enost\u00ed a pot\u0159eby d\u00e1le.<\/p>\n<p>S pozdravem Myslivosti zdar a Petr\u016fv Zdar.<\/p>\n<p>Ing. Miroslav Kvapil<\/p>\n<p>Odbor \u017eivotn\u00edho prost\u0159ed\u00ed a zem\u011bd\u011blstv\u00ed<\/p>\n<p>Odd\u011blen\u00ed lesnictv\u00ed<\/p>\n<p>&lt;BR&gt;&lt;BR&gt;<\/p>\n<p>&lt;BR&gt;Stanovisko Ministerstva zem\u011bd\u011blstv\u00ed k aktu\u00e1ln\u00edm omezen\u00edm v oblasti myslivosti a ryb\u00e1\u0159stv\u00ed je k &lt;a href = aktuality\/stanovisko_MZE.doc target=&#8220;_blank&#8220;&gt; &lt;b&gt;k dispozici zde&lt;\/b&gt;&lt;\/a&gt;<\/p>\n<p>&lt;BR&gt;<\/p>\n<p>&lt;BR&gt;<\/p>\n<p>&lt;HR color=&#8220;#FF0000&#8243;&gt;<\/p>\n<p>&lt;\/SPAN&gt;<\/p>\n<p>&lt;HR color=&#8220;#FF0000&#8243;&gt;<\/p>\n<p>&lt;h4 style=&#8220;font-family: verdana; font-size: 14; font-weight: bold; COLOR: navy&#8220;&gt;!!! ZAH\u00c1JEN\u00cd PSTRUHOV\u00c9 SEZ\u00d3NY 2021 !!!&lt;\/h4&gt;<\/p>\n<p>&lt;li&gt;Zarybn\u011bn\u00ed na\u0161eho rev\u00edru prob\u00edh\u00e1 podle pl\u00e1nu. Z chovn\u00fdch potok\u016f bylo letos vysazeno 1 158ks n\u00e1sady pstruha obecn\u00e9ho. T\u011bsn\u011b p\u0159ed zah\u00e1jen\u00edm pstruhov\u00e9 sez\u00f3ny pak vysazeno 100kg Po z farmov\u00e9ho chovu a 150kg tr\u017en\u00edho Pd. Lososovitou rybou tak byla dostate\u010dn\u011b zarybn\u011bna jak p\u0159ehrada Horn\u00ed Be\u010dva, tak lovn\u00fd tok. &lt;li&gt;Dal\u0161\u00ed vysazen\u00ed pstruha duhov\u00e9ho prob\u011bhlo na konci kv\u011btna &#8211; 150 kg.<\/p>\n<p>&lt;li&gt;V 16. t\u00fddnu prob\u011bhlo jarn\u00ed zavezen\u00ed kapra do p\u0159ehrady v objemu 600kg.<\/p>\n<p>&lt;li&gt;Z d\u016fvodu p\u0159etrv\u00e1vaj\u00edc\u00edch n\u00edzk\u00fdch teplot je m\u00edrn\u011b opo\u017ed\u011bn v\u00fdvoj leto\u0161n\u00edho pl\u016fdku Po. Do potok\u016f bude vysazen jakmile to jeho stav a z\u00e1rove\u0148 po\u010das\u00ed (mno\u017estv\u00ed vody) dovol\u00ed.&lt;BR&gt;&lt;BR&gt;<\/p>\n<p>&lt;li&gt;D\u00edky v\u0161em, kte\u0159\u00ed se na hospod\u00e1\u0159sk\u00fdch pr\u00e1cech pod\u00edleli.<\/p>\n<p>&lt;BR&gt;&lt;BR&gt;<\/p>\n<p>&lt;li&gt;Martin Hol\u010d\u00e1k, hospod\u00e1\u0159 MO<\/p>\n<p>&lt;\/SPAN&gt;<\/p>\n<p>&lt;HR color=&#8220;#FF0000&#8243;&gt;<\/p>\n<p>&lt;BR&gt;<\/p>\n<p>&lt;span style=&#8220;color: blue; font-weight: bold;&#8220;&gt;<\/p>\n<p>V\u00fdro\u010dn\u00ed \u010dlensk\u00e1 sch\u016fze se v roce 2021 nekonala&lt;\/span&gt;<\/p>\n<p>&lt;BR&gt;<\/p>\n<p>&lt;HR WIDTH=558 ALIGN=&#8220;LEFT&#8220;&gt;<\/p>\n<p>V roce 2021 byla V\u010cS z p\u016fvodn\u00edho term\u00ednu 14.03.2021, z epidemiologick\u00e9ho d\u016fvodu zru\u0161ena!<\/p>\n<p>&lt;BR&gt;<\/p>\n<p>Z\u00e1kladn\u00ed informace o \u010dinnosti za rok 2020 jsou poskytnuty \u010dlen\u016fm v p\u0159ehledu pdf.<\/p>\n<p>&lt;BR&gt;<\/p>\n<p>&lt;a href=&#8220;zapisy_vcs\/2021\/V\u010cS MO Ro\u017enov 2021 &#8211; WEB.pdf&#8220; target=&#8220;_blank&#8220;&gt;&lt;IMG SRC=&#8220;images\/pdf_green.jpg&#8220; BORDER=0 WIDTH=21 HEIGHT=22&gt;&lt;\/a&gt;<\/p>\n<p>&lt;BR&gt;<\/p>\n<p>&lt;BR&gt;&lt;BR&gt;<\/p>\n<p>&lt;\/SPAN&gt;<\/p>\n<p>&lt;HR color=&#8220;#FF0000&#8243;&gt;<\/p>\n<p>&lt;h4 style=&#8220;font-family: verdana; font-size: 14; font-weight: bold; COLOR: navy&#8220;&gt;!!! ZAH\u00c1JEN\u00cd PSTRUHOV\u00c9 SEZ\u00d3NY 2021 !!!&lt;\/h4&gt;<\/p>\n<p>&lt;li&gt;V\u00e1\u017een\u00ed \u010dlenov\u00e9,<\/p>\n<p>vzhledem k bl\u00ed\u017eic\u00edmu se datu zah\u00e1jen\u00ed pstruhov\u00e9 sez\u00f3ny chceme informovat, \u017ee na zah\u00e1jen\u00ed pstruhov\u00e9 sez\u00f3ny bude rev\u00edr Ro\u017enovsk\u00e1 Be\u010dva 2\u00a0 &#8211; 473002 (jak tok, tak i \u00fadoln\u00ed p\u0159ehrada Horn\u00ed Be\u010dva u Mace\u010dk\u016f), dob\u0159e zarybn\u011bn jak pstruhem obecn\u00fdm, tak duhov\u00fdm.<\/p>\n<p>&lt;BR&gt;&lt;BR&gt;<\/p>\n<p>S pozdravem Petr\u016fv zdar!<\/p>\n<p>&lt;BR&gt;<\/p>\n<p>&lt;BR&gt;<\/p>\n<p>&lt;li&gt;V\u00fdbor MO Ro\u017enov pod Radho\u0161t\u011bm, z.s.<\/p>\n<p>&lt;HR color=&#8220;#FF0000&#8243;&gt;<\/p>\n<p>&lt;h4 style=&#8220;font-family: verdana; font-size: 12; font-weight: bold; COLOR: navy&#8220;&gt;!!! Kompletn\u00ed sum\u00e1\u0159 \u00falovk\u016f na rev\u00edru Be\u010dva Ro\u017enovsk\u00e1 2 473002 za rok 2020 ze v\u0161ech vydan\u00fdch povolenek (\u00fazemn\u00ed, celosvazov\u00e9 celorepublikov\u00e9 i kr\u00e1tkodob\u00e9 !!!&lt;\/h4&gt;&lt;\/h4&gt;<\/p>\n<p>&lt;li&gt;Kompletn\u00ed sum\u00e1\u0159 je &lt;a href = aktuality\/becva-roznovska-2-473002.pdf target=&#8220;_blank&#8220;&gt; &lt;b&gt;k dispozici zde&lt;\/b&gt;&lt;\/a&gt;<\/p>\n<p>&lt;BR&gt;<\/p>\n<p>&lt;BR&gt;&lt;BR&gt;<\/p>\n<p>&lt;BR&gt;<\/p>\n<p>&lt;HR color=&#8220;#FF0000&#8243;&gt;<\/p>\n<p>&lt;\/SPAN&gt;<\/p>\n<p>&lt;\/SPAN&gt;<\/p>\n<p>&lt;HR color=&#8220;#FF0000&#8243;&gt;<\/p>\n<p>&lt;h4 style=&#8220;font-family: verdana; font-size: 14; font-weight: bold; COLOR: navy&#8220;&gt;!!! Zru\u0161eno &#8211; V\u00fdro\u010dn\u00ed \u010dlensk\u00e1 sch\u016fze 14.03.2021 !!!&lt;\/h4&gt;<\/p>\n<p>&lt;li&gt;V\u00e1\u017een\u00ed \u010dlenov\u00e9,<\/p>\n<p>vzhledem k nastal\u00e9 situaci se ru\u0161\u00ed V\u00fdro\u010dn\u00ed \u010dlensk\u00e1 sch\u016fze, pl\u00e1novan\u00e1 na 14.03.2021<\/p>\n<p>&lt;BR&gt;&lt;BR&gt;<\/p>\n<p>S pozdravem Petr\u016fv zdar<\/p>\n<p>&lt;BR&gt;<\/p>\n<p>&lt;BR&gt;<\/p>\n<p>&lt;li&gt;V\u00fdbor MO Ro\u017enov pod Radho\u0161t\u011bm, z.s.<\/p>\n<p>&lt;HR color=&#8220;#FF0000&#8243;&gt;<\/p>\n<p>&lt;\/SPAN&gt;<\/p>\n<p>&lt;HR color=&#8220;#FF0000&#8243;&gt;<\/p>\n<p>&lt;h4 style=&#8220;font-family: verdana; font-size: 14; font-weight: bold; COLOR: navy&#8220;&gt;D\u016fle\u017eit\u00e9 upozorn\u011bn\u00ed pro v\u00fddej povolenek u d\u011bt\u00ed a ml\u00e1de\u017ee do 15 let&lt;\/h4&gt;<\/p>\n<p>&lt;li&gt;V souvislosti se sou\u010dasnou epidemiologickou situac\u00ed je nutn\u00e9, aby si d\u011bti a ml\u00e1de\u017e do 15 let vy\u0159izovaly povolenky samy (pop\u0159\u00edpad\u011b jejich z\u00e1konn\u00ed z\u00e1stupci). Vedouc\u00ed ryb\u00e1\u0159sk\u00e9ho krou\u017eku nen\u00ed schopen zajistit hromadn\u00e9 vy\u0159\u00edzen\u00ed povolenek, neprob\u011bhne ani \u0161kolen\u00ed.<\/p>\n<p>&lt;BR&gt;<\/p>\n<p>&lt;BR&gt;<\/p>\n<p>&lt;li&gt;Roman Zuza\u0148\u00e1k &#8211; vedouc\u00ed ryb\u00e1\u0159sk\u00e9ho krou\u017eku, 17.02.2021<\/p>\n<p>&lt;BR&gt;<\/p>\n<p>&lt;BR&gt;<\/p>\n<p>&lt;BR&gt;<\/p>\n<p>&lt;\/ul&gt;<\/p>\n<p>&lt;HR color=&#8220;#FF0000&#8243;&gt;<\/p>\n<p>&lt;h4 style=&#8220;font-family: verdana; font-size: 14; font-weight: bold; COLOR: navy&#8220;&gt;Lednov\u00e1 sch\u016fze v\u00fdboru MO prob\u011bhla on-line formou, v \u00fater\u00fd 12.ledna 2021&lt;\/h4&gt;<\/p>\n<p>&lt;li&gt;Z\u00e1pis z t\u00e9to sch\u016fze je &lt;a href = aktuality\/leden_2021.pdf target=&#8220;_blank&#8220;&gt; &lt;b&gt;k dispozici zde&lt;\/b&gt;&lt;\/a&gt;<\/p>\n<p>&lt;BR&gt;<\/p>\n<p>&lt;BR&gt;<\/p>\n<p>&lt;TD VALIGN=&#8220;top&#8220; WIDTH=28% BGCOLOR=&#8220;#CCFF99&#8243;&gt;<\/p>\n<p>&lt;TABLE BORDER=&#8220;0&#8243; WIDTH=100% align=&#8220;LEFT&#8220; CELLSPACING=&#8220;0&#8243; CELLPADDING=&#8220;0&#8243;&gt;<\/p>\n<p>&lt;span style=&#8220;font-family:verdana; font-size: 16; font-weight: bold; color: #990000&#8243;&gt;<\/p>\n<p>&lt;\/SPAN&gt;<\/p>\n<p>&lt;HR color=&#8220;#FF0000&#8243;&gt;<\/p>\n<p>&lt;h4 style=&#8220;font-family: verdana; font-size: 14; font-weight: bold; COLOR: navy&#8220;&gt;Term\u00edny v\u00fddeje povolenek pro rok 2021: v\u017edy 15:30 &#8211; 17:00 hod v Boud\u011b &#8211; Palack\u00e9ho 2678&lt;\/h4&gt;<\/p>\n<p>&lt;li&gt;prvn\u00ed v\u00fddej &#8211; st\u0159eda 6.1.,<\/p>\n<p>&lt;BR&gt;pak pond\u011blky: 11.1., 18.1., 01.02., 22.02., 08.03.,22.03. &#8211; b\u0159eznov\u00e9 term\u00edny zru\u0161eny, v\u00fddej indivudu\u00e1ln\u011b dle telefonick\u00e9 domluvy s prodejcem povolenek &#8211; Volejte: 605 808 661 nebo pou\u017eijte e-mail zdenek.cvikl@nmvp.cz, 12.04., 19.04.,03.05., 17.05.,<\/p>\n<p>&lt;BR&gt;<\/p>\n<p>&lt;BR&gt;<\/p>\n<p>&lt;BR&gt;Informace v\u00fddejce povolenek je k &lt;a href = aktuality\/V\u00fddej_povolenek_2021.pdf target=&#8220;_blank&#8220;&gt; &lt;b&gt;k dispozici zde&lt;\/b&gt;&lt;\/a&gt;<\/p>\n<p>&lt;BR&gt;&lt;BR&gt;<\/p>\n<p>INFO K VR\u00c1CEN\u00cd POVOLENEK A K V\u00ddDEJI POVOLENEK PRO ROK 2021<\/p>\n<p>&lt;BR&gt;&lt;BR&gt;<\/p>\n<p>Na z\u00e1klad\u011b potvrzen\u00ed Ministerstva zdravotnictv\u00ed ze dne 28. 12. 2020 si V\u00e1s dovolujeme informovat, \u017ee v souladu s aktu\u00e1ln\u00edmi vl\u00e1dn\u00edmi opat\u0159en\u00edmi mohou m\u00edstn\u00ed organizace\u00a0 prod\u00e1vat nov\u00e9 povolenky k lovu ryb i p\u0159ij\u00edmat povolenky z roku 2020.<\/p>\n<p>Je ale nezbytn\u011b nutn\u00e9 dodr\u017eovat d\u016fsledn\u011b opat\u0159en\u00ed, kter\u00e1 minimalizuj\u00ed mo\u017enost p\u0159enosu n\u00e1kazy koronaviru.<\/p>\n<p>Je nutn\u00e9 zajistit n\u00e1sleduj\u00edc\u00ed body, vypl\u00fdvaj\u00edc\u00ed z Usnesen\u00ed vl\u00e1dy \u010cR \u010d. 1376 ze dne 23. prosince 2020; kl\u00ed\u010dov\u00e9 jsou:<\/p>\n<p>Ve v\u00fddejn\u011b MO sm\u00ed b\u00fdt maxim\u00e1ln\u011b 1 \u010dlen na 15 m2 plochy; v p\u0159\u00edpad\u011b v\u00fddejny men\u0161\u00ed ne\u017e 15 m2 se toto omezen\u00ed nevztahuje na d\u00edt\u011b mlad\u0161\u00ed 15 let, doprov\u00e1zej\u00edc\u00ed \u010dlena a na doprovod \u010dlena, kter\u00fd je dr\u017eitelem pr\u016fkazu osoby se zdravotn\u00edm posti\u017een\u00edm.<\/p>\n<p>Je nutn\u00e9 zajistit minim\u00e1ln\u00ed rozestup mezi \u010dleny 2 metry (nejde-li o osoby ze spole\u010dn\u00e9 dom\u00e1cnosti).<\/p>\n<p>Je nutn\u00e9 \u0159\u00eddit frontu \u010dekaj\u00edc\u00edch \u010dlen\u016f, a to jak uvnit\u0159, tak p\u0159ed v\u00fddejnou. Viditeln\u011b vyzna\u010dte prostor pro \u010dek\u00e1n\u00ed, ide\u00e1ln\u00ed je um\u00edst\u011bn\u00ed zna\u010dek pro minim\u00e1ln\u00ed rozestupy mezi \u010dleny (minim\u00e1ln\u00ed rozestupy 2 metry).<\/p>\n<p>\u010clen, kter\u00fd je dr\u017eitelem pr\u016fkazu osoby se zdravotn\u00edm posti\u017een\u00edm, m\u00e1 pr\u00e1vo p\u0159ednostn\u00edho odbaven\u00ed.<\/p>\n<p>Um\u00edst\u011bte dezinfek\u010dn\u00ed prost\u0159edky u \u010dasto dot\u00fdkan\u00fdch p\u0159edm\u011bt\u016f (p\u0159edev\u0161\u00edm kliky, z\u00e1bradl\u00ed) tak, aby byly \u010dlen\u016fm k dispozici a mohly b\u00fdt vyu\u017e\u00edv\u00e1ny k pravideln\u00e9 dezinfekci.<\/p>\n<p>Zajist\u011bte informov\u00e1n\u00ed \u010dlen\u016f o v\u00fd\u0161e uveden\u00fdch pravidlech, a to zejm\u00e9na prost\u0159ednictv\u00edm va\u0161ich webov\u00fdch str\u00e1nek a informa\u010dn\u00edch plak\u00e1t\u016f u vstupu a v provozovn\u011b.<\/p>\n<p>Zajist\u011bte maxim\u00e1ln\u00ed mo\u017enou cirkulaci vzduchu s nas\u00e1v\u00e1n\u00edm venkovn\u00edho vzduchu (v\u011btr\u00e1n\u00ed nebo klimatizace) bez recirkulace vzduchu v objektu.<\/p>\n<p>D\u016frazn\u011b doporu\u010dujeme n\u00e1sleduj\u00edc\u00ed postup v\u00fddeje a p\u0159\u00edjmu povolenek:<\/p>\n<p>Pokud je to technicky mo\u017en\u00e9, pro p\u0159\u00edjem a v\u00fddej povolenek vyu\u017eijte v\u00fddejn\u00ed ok\u00e9nko nebo po\u0161tovn\u00ed slu\u017eby.<\/p>\n<p>Pokud je to technicky mo\u017en\u00e9, zave\u010fte objednac\u00ed syst\u00e9m na jednotliv\u00e9 \u010dasy a dny.<\/p>\n<p>Pokud nen\u00ed mo\u017en\u00e9 vyu\u017e\u00edt v\u00fddejn\u00ed ok\u00e9nko, odd\u011blte v\u00fddejce povolenek od \u010dlen\u016f nap\u0159\u00edklad pr\u016fhledn\u00fdm plexisklem. Nenech\u00e1vejte \u010dleny \u010dekat uvnit\u0159 v\u00fddejny; optim\u00e1ln\u00ed je jeden \u010dlen uvnit\u0159 v\u00fddejny na jednoho v\u00fddejce povolenek.<\/p>\n<p>V p\u0159\u00edpad\u011b, \u017ee vznikne p\u0159ed v\u00fddejnou fronta, vyu\u017eijte \u010dek\u00e1n\u00ed \u010dlen\u016f ke kontrole, zda maj\u00ed spr\u00e1vn\u011b vypln\u011bn\u00e9 sum\u00e1\u0159e odevzd\u00e1van\u00fdch povolenek. Zrychl\u00edte t\u00edm n\u00e1sledn\u00e9 odbaven\u00ed ve v\u00fddejn\u011b.<\/p>\n<p>Krom\u011b standardn\u00edch ochrann\u00fdch prost\u0159edk\u016f (rou\u0161ka) pou\u017e\u00edvejte pro manipulaci s povolenkami a hotovost\u00ed jednor\u00e1zov\u00e9 rukavice.<\/p>\n<p>P\u0159ed v\u00fddejnu, v m\u00edstech o\u010dek\u00e1van\u00e9 fronty, na zem um\u00edst\u011bte zna\u010dky pro \u010dekaj\u00edc\u00ed v minim\u00e1ln\u011b dvoumetrov\u00fdch rozestupech. Dob\u0159e poslou\u017e\u00ed nap\u0159\u00edklad k\u0159\u00eddov\u00fd sprej nebo reflexn\u00ed samolepky.<\/p>\n<p>D\u011bkujeme v\u0161em funkcion\u00e1\u0159\u016fm a \u010dlen\u016fm za d\u016fsledn\u00e9 dodr\u017eov\u00e1n\u00ed pravidel!<\/p>\n<p>&lt;\/ul&gt;<\/p>\n<p>&lt;HR color=&#8220;#FF0000&#8243;&gt;<\/p>\n<p>&lt;h4 style=&#8220;font-family: verdana; font-size: 14; font-weight: bold; COLOR: navy&#8220;&gt;Term\u00edny sch\u016fz\u00ed V\u00fdboru MO pro rok 2021:&lt;\/h4&gt;<\/p>\n<p>&lt;BR&gt;<\/p>\n<p>&lt;li&gt; lednov\u00e1 sch\u016fze V\u00fdboru MO Ro\u017enov prob\u011bhne dle sou\u010dasn\u00e9 epidemiologick\u00e9 situace pouze on-line formou, v \u00fater\u00fd 12.01., 8.2., 8.3.,12.4., 10.5., 14.6., 13.9., 11.10., 8.11., 17.12.<\/p>\n<p>&lt;BR&gt;<\/p>\n<p>&lt;BR&gt;<\/p>\n<p>&lt;BR&gt;<\/p>\n<p>&lt;\/ul&gt;<\/p>\n<p>!!! \u010clensk\u00e1 sch\u016fze pl\u00e1novan\u00e1 na ned\u011bli 14.3., byla dle sou\u010dasn\u00e9 epidemiologick\u00e9 situace ZRU\u0160ENA !!!<\/p>\n<p>&lt;BR&gt;<\/p>\n<p>&lt;BR&gt;<\/p>\n<p>&lt;\/ul&gt;<\/p>\n<p>&lt;HR color=&#8220;#FF0000&#8243;&gt;<\/p>\n<p>&lt;\/ul&gt;<\/p>\n<p>&lt;HR color=&#8220;#FF0000&#8243;&gt;<\/p>\n<p>&lt;h4 style=&#8220;font-family: verdana; font-size: 14; font-weight: bold; COLOR: navy&#8220;&gt;Upozorn\u011bn\u00ed&lt;\/h4&gt;<\/p>\n<p>&lt;ol&gt;<\/p>\n<p>&lt;li&gt;Platba \u010dl. povinnost\u00ed a povolenek je mo\u017en\u00e1 a\u017e od 1. ledna 2021&lt;\/li&gt;<\/p>\n<p>&lt;li&gt;Na v\u00fdro\u010dn\u00ed \u010dlensk\u00e9 sch\u016fzi nebude zaji\u0161t\u011bn v\u00fddej povolenek&lt;\/li&gt;<\/p>\n<p>&lt;li&gt;P\u0159i v\u00fddeji povolenek si nezapome\u0148te s sebou vz\u00edt \u010dlensk\u00fd pr\u016fkaz a ryb\u00e1\u0159sk\u00fd l\u00edstek&lt;\/li&gt;<\/p>\n<p>&lt;li&gt;V\u00fdzva k p\u0159\u00edsp\u011bvku do &lt;strong&gt;FRR &#8211; fond rozvoje rev\u00edru&lt;\/strong&gt;&lt;\/li&gt;<\/p>\n<p>&lt;\/ol&gt;<\/p>\n<p>&lt;p&gt;V roce 2021 je povinen zaplatit ka\u017ed\u00fd \u010dlen MO \u010cRS V\u00daS Ostrava \u010d\u00e1stku 200,- K\u010d:&lt;\/p&gt;<\/p>\n<p>&lt;ul&gt;<\/p>\n<p>&lt;li&gt;je narozen v roce 2005 a d\u0159\u00edve&lt;\/li&gt;<\/p>\n<p>&lt;li&gt;je vlastn\u00edkem libovoln\u00e9 ro\u010dn\u00ed povolenky &lt;\/li&gt;<\/p>\n<p>&lt;li&gt;platba \u010dlena bude prov\u00e1d\u011bna bezhotovostn\u011b viz. upraven\u00e9 Informace k platb\u00e1m\u00a0\u00a0 &lt;\/li&gt;<\/p>\n<p>&lt;\/ul&gt;<\/p>\n<p>&lt;\/ul&gt;\u00a0 &lt;\/ul&gt;<\/p>\n<p>&lt;\/ul&gt;<\/p>\n<p>&lt;BR&gt;<\/p>\n<p>&lt;\/ul&gt;<\/p>\n<p>&lt;HR color=&#8220;#FF0000&#8243;&gt;<\/p>\n<p>&lt;\/ul&gt;<\/p>\n<p>&lt;\/TD&gt;<\/p>\n<p>&lt;!&#8211;<\/p>\n<p>=================================================================================================================<\/p>\n<p>sez\u00f3na\u00a0 2020<\/p>\n<p>=================================================================================================================<\/p>\n<p>&#8211;&gt;<\/p>\n<p>&lt;\/SPAN&gt;<\/p>\n<p>&lt;TD VALIGN=&#8220;top&#8220; WIDTH=28% BGCOLOR=&#8220;#CCFF99&#8243;&gt;<\/p>\n<p>&lt;TABLE BORDER=&#8220;0&#8243; WIDTH=100% align=&#8220;LEFT&#8220; CELLSPACING=&#8220;0&#8243; CELLPADDING=&#8220;0&#8243;&gt;<\/p>\n<p>&lt;\/SPAN&gt;<\/p>\n<p>&lt;span style=&#8220;font-family:verdana; font-size: 16; font-weight: bold; color: #990000&#8243;&gt;<\/p>\n<p>Co se stalo v sez\u00f3n\u011b 2020<\/p>\n<p>&lt;\/SPAN&gt;<\/p>\n<p>&lt;h4&gt;<\/p>\n<p>&lt;HR color=&#8220;#666666&#8243;&gt;<\/p>\n<p>&lt;IMG SRC=&#8220;aktuality\/logoVUS.jpg&#8220; WIDTH=145 HEIGHT=145&gt;<\/p>\n<p>&lt;BR&gt;<\/p>\n<p>&lt;br&gt;<\/p>\n<p>&lt;b&gt;Severomoravsk\u00fd ryb\u00e1\u0159&lt;\/b&gt;<\/p>\n<p>&lt;br&gt;&lt;BR&gt;<\/p>\n<p>&lt;\/ul&gt;<\/p>\n<p>&lt;BR&gt;<\/p>\n<p>Facebookovy profil Severomoravsk\u00fd ryb\u00e1\u0159&lt;a href = https:\/\/www.facebook.com\/rybsvazms.cz\u00a0 target=&#8220;_blank&#8220;&gt; &lt;b&gt;k dispozici zde&lt;\/b&gt;&lt;\/a&gt;<\/p>\n<p>&lt;\/h4&gt;<\/p>\n<p>&lt;\/ul&gt;<\/p>\n<p>Na v\u00fd\u0161e uveden\u00e9m facebookov\u00e9m profilu najdete mimo jin\u00e9 i fotografie a informace o postupn\u00e9m zaryb\u0148ov\u00e1n\u00ed rev\u00edr\u016f V\u00daS Ostrava.<\/p>\n<p>&lt;\/h4&gt;<\/p>\n<p>&lt;\/ul&gt;<\/p>\n<p>&lt;br&gt;&lt;BR&gt;<\/p>\n<p>&lt;\/ul&gt;<\/p>\n<p>!!! PROJEKT !!!<\/p>\n<p>&lt;br&gt;&lt;BR&gt;<\/p>\n<p>&lt;\/ul&gt;<\/p>\n<p>&lt;\/h4&gt;<\/p>\n<p>&lt;\/ul&gt;<\/p>\n<p>POMOZTE N\u00c1M O\u017dIVIT \u0158EKU BE\u010cVU<\/p>\n<p>&lt;BR&gt;&lt;\/ul&gt;<\/p>\n<p>Koncem z\u00e1\u0159\u00ed postihla \u0159eku Be\u010dvu v \u00faseku pod Vala\u0161sk\u00fdm Mezi\u0159\u00ed\u010d\u00edm a\u017e po P\u0159erov ekologick\u00e1 hav\u00e1rie, kdy prozat\u00edm nezn\u00e1m\u00fd pachatel vypustil do \u0159eky kyanid. Do\u0161lo k po\u0161kozen\u00ed cel\u00e9ho vodn\u00edho biotopu a podm\u00ednek pro v\u0161echny na vodu v\u00e1zan\u00e9 organismy na zhruba 40 kilometrech toku.<\/p>\n<p>&lt;br&gt;&lt;BR&gt;&lt;\/ul&gt;<\/p>\n<p>Pro n\u00e1\u0161 \u00fazemn\u00ed svaz je to tak\u00e9 ztr\u00e1ta citov\u00e1, nebo\u0165 p\u0159i p\u00e9\u010di o toky vyu\u017e\u00edv\u00e1me lidsk\u00fdch zdroj\u016f bez n\u00e1roku na finan\u010dn\u00ed ohodnocen\u00ed a mnohdy p\u0159i pln\u011bn\u00ed z\u00e1konn\u00fdch povinnost\u00ed produkujeme ryb\u00ed n\u00e1sady vlastn\u00edmi silami s c\u00edlem vytvo\u0159it vhodn\u00e9 podm\u00ednky pro v\u00fdskyt a zd\u00e1rn\u00fd v\u00fdvoj a udr\u017een\u00ed jednotliv\u00fdch ryb\u00edch druh\u016f, zachovat vyv\u00e1\u017eenou v\u011bkovou a druhovou skladbu a strukturu ryb\u00edch spole\u010denstev s d\u016frazem na podporu p\u016fvodn\u00ed a p\u0159irozen\u00e9 ryb\u00ed obs\u00e1dky.<\/p>\n<p>&lt;br&gt;&lt;BR&gt;&lt;\/ul&gt;<\/p>\n<p>Jeliko\u017e dosavadn\u00ed odhad \u0161kod jen na ryb\u00ed obs\u00e1dce, v\u010detn\u011b na\u0161ich n\u00e1klad\u016f na likvidaci uhynul\u00fdch ryb jdou ji\u017e dnes do des\u00edtek mili\u00f3n\u016f korun, obrac\u00ed se v\u00fdbor na\u0161eho \u00fazemn\u00edho svazu na v\u0161echny, kdo mohou p\u0159isp\u011bt jakoukoliv finan\u010dn\u00ed \u010d\u00e1stkou s prosbou o pomoc.<\/p>\n<p>&lt;br&gt;&lt;BR&gt;&lt;\/ul&gt;<\/p>\n<p>Va\u0161e finan\u010dn\u00ed dary lze zas\u00edlat na n\u00e1\u0161 transparentn\u00ed \u00fa\u010det u Raiffaisenbank 35036038\/5500<\/p>\n<p>Ve\u0161ker\u00e9 finan\u010dn\u00ed prost\u0159edky na tomto \u00fa\u010dtu budou \u010derp\u00e1ny v\u00fdhradn\u011b na pokryt\u00ed vznikl\u00fdch \u0161kod na \u0159ece Be\u010dv\u011b.<\/p>\n<p>&lt;h4&gt;<\/p>\n<p>&lt;HR color=&#8220;#666666&#8243;&gt;<\/p>\n<p>&lt;IMG SRC=&#8220;aktuality\/transparentniucet.jpg&#8220; WIDTH=218 HEIGHT=147&gt;<\/p>\n<p>&lt;BR&gt;<\/p>\n<p>&lt;br&gt;&lt;BR&gt;&lt;\/ul&gt;<\/p>\n<p>Pohyby na transparentn\u00edm \u00fa\u010dtu jsou p\u0159\u00edstupn\u00e9 v\u0161em na webu:<\/p>\n<p>https:\/\/www.rb.cz\/povinne&#8230;\/transparentni-ucty&#8230;<\/p>\n<p>&lt;br&gt;&lt;BR&gt;&lt;\/ul&gt;<\/p>\n<p>P\u0159\u00edpadn\u00fdm d\u00e1rc\u016fm p\u0159edem d\u011bkujeme.<\/p>\n<p>&lt;br&gt;&lt;BR&gt;&lt;\/ul&gt;<\/p>\n<p>Za \u010cesk\u00fd ryb\u00e1\u0159sk\u00fd svaz, v\u00fdbor \u00fazemn\u00edho svazu pro Severn\u00ed Moravu a Slezsko.<\/p>\n<p>Ing. Pavel Koci\u00e1n<\/p>\n<p>P\u0159edseda<\/p>\n<p>&lt;br&gt;&lt;BR&gt;&lt;\/ul&gt;<\/p>\n<p>Ing. Rostislav Trybu\u010dek<\/p>\n<p>Jednatel<\/p>\n<p>&lt;br&gt;&lt;BR&gt;&lt;\/ul&gt;<\/p>\n<p>&lt;BR&gt;&lt;BR&gt;<\/p>\n<p>&lt;HR color=&#8220;#FF0000&#8243;&gt;<\/p>\n<p>&lt;BR&gt;<\/p>\n<p>&lt;\/ul&gt;<\/p>\n<p>&lt;h4&gt;<\/p>\n<p>&lt;HR color=&#8220;#666666&#8243;&gt;<\/p>\n<p>&lt;IMG SRC=&#8220;aktuality\/zpravodaj_vus.PNG&#8220; WIDTH=160 HEIGHT=144&gt;<\/p>\n<p>&lt;BR&gt;<\/p>\n<p>&lt;br&gt;<\/p>\n<p>&lt;b&gt;Zpravodaje V\u00daS&lt;\/b&gt;<\/p>\n<p>&lt;BR&gt;<\/p>\n<p>&lt;BR&gt;Zpravodaj V\u00daS Ostrava &#8211; prosinec 2020 je k &lt;a href = aktuality\/Zpravodajprosinec2020.pdf target=&#8220;_blank&#8220;&gt; &lt;b&gt;k dispozici zde&lt;\/b&gt;&lt;\/a&gt;<\/p>\n<p>&lt;BR&gt;<\/p>\n<p>&lt;BR&gt;<\/p>\n<p>&lt;BR&gt;Zpravodaj V\u00daS Ostrava &#8211; listopad 2020 je k &lt;a href = aktuality\/Zpravodajlistopad2020.pdf target=&#8220;_blank&#8220;&gt; &lt;b&gt;k dispozici zde&lt;\/b&gt;&lt;\/a&gt;<\/p>\n<p>&lt;BR&gt;<\/p>\n<p>&lt;BR&gt;<\/p>\n<p>&lt;BR&gt;Zpravodaj V\u00daS Ostrava &#8211; \u0159\u00edjen 2020 je k &lt;a href = aktuality\/Zpravodajrijen2020.pdf target=&#8220;_blank&#8220;&gt; &lt;b&gt;k dispozici zde&lt;\/b&gt;&lt;\/a&gt;<\/p>\n<p>&lt;BR&gt;<\/p>\n<p>&lt;BR&gt;Zpravodaj V\u00daS Ostrava &#8211; z\u00e1\u0159\u00ed 2020 je k &lt;a href = aktuality\/Zpravodajzari2020.pdf target=&#8220;_blank&#8220;&gt; &lt;b&gt;k dispozici zde&lt;\/b&gt;&lt;\/a&gt;<\/p>\n<p>&lt;BR&gt;<\/p>\n<p>&lt;h4&gt;<\/p>\n<p>&lt;HR color=&#8220;#666666&#8243;&gt;<\/p>\n<p>&lt;BR&gt;Aktualizovan\u00e9 stanovisko Ministerstva zdravotnictv\u00ed k textu Usnesen\u00ed vl\u00e1dy \u010cesk\u00e9 republiky ze dne 12. \u0159\u00edjna 2020 \u010d. 1021 o p\u0159ijet\u00ed krizov\u00e9ho opat\u0159en\u00ed pro podnikatelsk\u00e9 a obdobn\u00e9 \u010dinnosti ve vztahu k ryb\u00e1\u0159stv\u00ed a myslivosti je k &lt;a href = aktuality\/stanovisko_rybarstv\u00ed.doc target=&#8220;_blank&#8220;&gt; &lt;b&gt;k dispozici zde&lt;\/b&gt;&lt;\/a&gt;<\/p>\n<p>&lt;BR&gt;<\/p>\n<p>&lt;HR color=&#8220;#FF0000&#8243;&gt;<\/p>\n<p>&lt;h4 style=&#8220;font-family: verdana; font-size: 14; font-weight: bold; COLOR: navy&#8220;&gt;!!! ZRU\u0160ENO !!!<\/p>\n<p>&lt;BR&gt;<\/p>\n<p>&lt;BR&gt;&lt;BR&gt;!!! V\u00ddRO\u010cN\u00cd \u010cLENSK\u00c1 SCH\u016eZE 19.09.2020 BYLA ZRU\u0160ENA !!!<\/p>\n<p>&lt;\/h4&gt;Term\u00edn kon\u00e1n\u00ed V\u010cS byl z d\u016fvodu COVID-19 zru\u0161en. P\u0159ehled \u010dinnosti za rok 2019 je \u010dlen\u016fm p\u0159ipraven formou prezentace &lt;a href = aktuality\/vcs_mo_roznov_2020_2.pdf target=&#8220;_blank&#8220;&gt; &lt;b&gt;k dispozici zde&lt;\/b&gt;&lt;\/a&gt;.<\/p>\n<p>&lt;BR&gt;<\/p>\n<p>&lt;BR&gt;<\/p>\n<p>&lt;HR color=&#8220;#FF0000&#8243;&gt;<\/p>\n<p>&lt;BR&gt;<\/p>\n<p>&lt;\/ul&gt;<\/p>\n<p>&lt;BR&gt;<\/p>\n<p>&lt;BR&gt;Z\u00e1pis sch\u016fze V\u00daS Ostrava &#8211; srpen 2020 je k &lt;a href = aktuality\/zap8-20.doc target=&#8220;_blank&#8220;&gt; &lt;b&gt;k dispozici zde&lt;\/b&gt;&lt;\/a&gt;<\/p>\n<p>&lt;BR&gt;<\/p>\n<p>&lt;BR&gt;Z \u00c1 P I S Z JEDN\u00c1N\u00cd \u00daZEMN\u00cd KONFERENCE \u00daS \u010cRS PRO SEVERN\u00cd MORAVU A SLEZSKO 2020 je k &lt;a href = aktuality\/30.7.2020.doc target=&#8220;_blank&#8220;&gt; &lt;b&gt;k dispozici zde&lt;\/b&gt;&lt;\/a&gt;<\/p>\n<p>&lt;BR&gt;<\/p>\n<p>&lt;BR&gt;Prezentace o rentabilit\u011b ryb\u00e1\u0159sk\u00fdch rev\u00edr\u016f je k &lt;a href = aktuality\/Prezentace-rentabilita-rev\u00edr\u016f.pdf target=&#8220;_blank&#8220;&gt; &lt;b&gt;k dispozici zde&lt;\/b&gt;&lt;\/a&gt;<\/p>\n<p>&lt;BR&gt;<\/p>\n<p>&lt;BR&gt;<\/p>\n<p>&lt;HR color=&#8220;#FF0000&#8243;&gt;<\/p>\n<p>&lt;BR&gt;<\/p>\n<p>&lt;HR color=&#8220;#FF0000&#8243;&gt;<\/p>\n<p>&lt;h4 style=&#8220;font-family: verdana; font-size: 14; font-weight: bold; COLOR: navy&#8220;&gt;<\/p>\n<p>!!! ZM\u011aNY BPVRP PRO ROK 2021 !!!<\/p>\n<p>&lt;\/h4&gt;<\/p>\n<p>Ve \u010dtvrtek 30.\u010dervence prob\u011bhla \u00fazemn\u00ed konference V\u00daS Ostrava. Deleg\u00e1ti z jednotliv\u00fdch MO byli sezn\u00e1meni s \u00fa\u010detn\u00ed uz\u00e1v\u011brkou za rok 2019, n\u00e1vrhem rozpo\u010dtu na rok 2020. Hlavn\u00edm bodem bylo projedn\u00e1v\u00e1n\u00ed BPVRP pro rok 2021.<\/p>\n<p>&lt;BR&gt;&lt;BR&gt;<\/p>\n<p>Hlavn\u00edmi \u00fapravami jsou:<\/p>\n<p>&lt;BR&gt;<\/p>\n<ol>\n<li>Ka\u017ed\u00e1 jedna p\u0159isvojen\u00e1 zde uveden\u00e1 ryba (amur, l\u00edn, parma), mus\u00ed b\u00fdt zaps\u00e1na neprodlen\u011b po p\u0159isvojen\u00ed.<\/li>\n<\/ol>\n<p>&lt;BR&gt;<\/p>\n<ol start=\"2\">\n<li>P\u0159i lovu na n\u00e1stra\u017en\u00ed rybku (nebo jej\u00ed \u010d\u00e1st) o d\u00e9lce do 15 cm se sm\u00ed pou\u017e\u00edt jen jeden jednoh\u00e1\u010dek.<\/li>\n<\/ol>\n<p>&lt;BR&gt;<\/p>\n<ol start=\"3\">\n<li>Minim\u00e1ln\u00ed lovn\u00e1 m\u00edra se zvy\u0161uje u \u0161tiky obecn\u00e9 na 60 cm a cand\u00e1ta obecn\u00e9ho na 50 cm.<\/li>\n<\/ol>\n<p>&lt;BR&gt;<\/p>\n<ol start=\"4\">\n<li>U rev\u00edr\u016f, ve kter\u00fdch je zm\u00edn\u011bn \u201ere\u017eim chy\u0165 a pus\u0165\u201c mus\u00ed b\u00fdt v\u0161echny ryby neprodlen\u011b a s maxim\u00e1ln\u00ed \u0161etrnost\u00ed vr\u00e1ceny zp\u011bt do rev\u00edru, ve kter\u00e9m byly uloveny.<\/li>\n<\/ol>\n<p>&lt;BR&gt;<\/p>\n<ol start=\"5\">\n<li>U rev\u00edr\u016f s ikonou ryb\u00e1\u0159e na invalidn\u00edm voz\u00edku se jedn\u00e1 o rev\u00edr s m\u00edsty vhodn\u00fdmi pro handicapovan\u00e9 ryb\u00e1\u0159e,kter\u00e9 jsou vyzna\u010den\u00e9 tabulemi. Tato m\u00edsta jsou p\u0159ednostn\u011b ur\u010dena pro dr\u017eitele pr\u016fkazu ZTP-P. Lov\u00edc\u00ed na tomtom\u00edst\u011b \u201ebez pr\u016fkazu\u201c\u00a0\u00a0 je\u00a0\u00a0 povinen\u00a0 \u00a0toto\u00a0\u00a0 omezen\u00ed\u00a0\u00a0 respektovat\u00a0\u00a0 a\u00a0\u00a0 m\u00edsto\u00a0\u00a0 lov\u00edc\u00edmu\u00a0\u00a0 \u201es\u00a0\u00a0 pr\u016fkazem\u201c\u00a0\u00a0 na\u00a0\u00a0 po\u017e\u00e1d\u00e1n\u00ed neprodlen\u011b uvolnit.<\/li>\n<\/ol>\n<p>&lt;BR&gt;<\/p>\n<ol start=\"6\">\n<li>P\u0159i lovu na um\u011blou mu\u0161ku a mu\u0161ka\u0159en\u00edm na rev\u00edrech mimopstruhov\u00fdch v dob\u011b od 1. ledna do 15. \u010dervna:<\/li>\n<\/ol>\n<p>&lt;BR&gt;<\/p>\n<ul>\n<li>je povoleno lovit pouze s klasickou mu\u0161ka\u0159skou v\u00fdbavou skl\u00e1daj\u00edc\u00ed se z mu\u0161ka\u0159sk\u00e9ho prutu, mu\u0161ka\u0159sk\u00e9honavij\u00e1ku, mu\u0161ka\u0159sk\u00e9 \u0161\u0148\u016fry a n\u00e1vazce o maxim\u00e1ln\u00ed d\u00e9lce odpov\u00eddaj\u00edc\u00ed dvojn\u00e1sobn\u00e9 d\u00e9lce pou\u017e\u00edvan\u00e9ho prutu a sn\u00e1strahami v maxim\u00e1ln\u00ed velikosti 3 cm;<\/li>\n<\/ul>\n<p>&lt;BR&gt;<\/p>\n<ul>\n<li>je zak\u00e1z\u00e1no lovit na jak\u00e9koliv gumov\u00e9 n\u00e1strahy a pou\u017e\u00edvat jak\u00e9koliv z\u00e1t\u011b\u017ee um\u00edst\u011bn\u00e9 mimo t\u011blo mu\u0161ky, stejn\u011btak je zak\u00e1z\u00e1no pou\u017eit\u00ed jak\u00fdchkoliv plovouc\u00edch za\u0159\u00edzen\u00ed jako je kulov\u00e9 plov\u00e1tko, spl\u00e1vek apod. Je zak\u00e1z\u00e1novybavovat n\u00e1strahy dopl\u0148ky, kter\u00e9 sv\u00fdm pohybem zvy\u0161uj\u00ed dr\u00e1\u017edivost pro ryby, nap\u0159\u00edklad rotuj\u00edc\u00ed pl\u00ed\u0161ek, vrtulkanebo gumi\u010dka;<\/li>\n<\/ul>\n<p>&lt;BR&gt;<\/p>\n<ul>\n<li>je dovoleno pou\u017e\u00edvat pouze jednoh\u00e1\u010dky.<\/li>\n<\/ul>\n<p>&lt;h4&gt;<\/p>\n<p>&lt;HR color=&#8220;#666666&#8243;&gt;<\/p>\n<p>&lt;IMG SRC=&#8220;aktuality\/zpravodaj_vus.PNG&#8220; WIDTH=160 HEIGHT=144&gt;<\/p>\n<p>&lt;BR&gt;<\/p>\n<p>&lt;br&gt;<\/p>\n<p>&lt;b&gt;Zpravodaje V\u00daS&lt;\/b&gt;<\/p>\n<p>&lt;BR&gt;<\/p>\n<p>&lt;BR&gt;Mimo\u0159\u00e1dn\u00fd \u010dervencov\u00fd Zpravodaj V\u00daS Ostrava &#8211; \u010dervenec 2020 je k &lt;a href = aktuality\/Zpravodajcervenec2020.pdf target=&#8220;_blank&#8220;&gt; &lt;b&gt;k dispozici zde&lt;\/b&gt;&lt;\/a&gt;<\/p>\n<p>&lt;BR&gt;<\/p>\n<p>&lt;BR&gt;Zpravodaj V\u00daS Ostrava &#8211; \u010derven 2020 je k &lt;a href = aktuality\/Zpravodaj_cerven_2020.pdf target=&#8220;_blank&#8220;&gt; &lt;b&gt;k dispozici zde&lt;\/b&gt;&lt;\/a&gt;<\/p>\n<p>&lt;BR&gt;<\/p>\n<p>&lt;BR&gt;Z\u00e1pis sch\u016fze V\u00daS Ostrava &#8211; \u010derven 2020 je k &lt;a href = aktuality\/zap6-20.doc target=&#8220;_blank&#8220;&gt; &lt;b&gt;k dispozici zde&lt;\/b&gt;&lt;\/a&gt;<\/p>\n<p>&lt;BR&gt;<\/p>\n<p>&lt;BR&gt;<\/p>\n<p>&lt;BR&gt;Zpravodaj V\u00daS Ostrava &#8211; kv\u011bten 2020 je k &lt;a href = aktuality\/VUS_zpravodaj_kveten_2020.pdf target=&#8220;_blank&#8220;&gt; &lt;b&gt;k dispozici zde&lt;\/b&gt;&lt;\/a&gt;<\/p>\n<p>&lt;BR&gt;&lt;BR&gt;<\/p>\n<p>&lt;BR&gt;<\/p>\n<p>&lt;HR color=&#8220;#FF0000&#8243;&gt;<\/p>\n<p>&lt;h4 style=&#8220;font-family: verdana; font-size: 14; font-weight: bold; COLOR: navy&#8220;&gt;<\/p>\n<p>!!! N\u00e1hrada \u0161kod na ryb\u00e1ch, zp\u016fsoben\u00fdch kormor\u00e1nem a vydrou v akvakultu\u0159e!!!<\/p>\n<p>&lt;\/h4&gt;Ministerstvo \u017eivotn\u00edho prost\u0159ed\u00ed projednalo s Ryb\u00e1\u0159sk\u00fdm sdru\u017een\u00edm \u010cR a za souhlasu Ministerstva zem\u011bd\u011blstv\u00ed vyu\u017eit\u00ed cen\u00edku ryb p\u0159i stanoven\u00ed v\u00fd\u0161e n\u00e1hrad \u0161kod poskytovan\u00fdch podle z\u00e1kona \u010d. 115\/2000 Sb., o poskytov\u00e1n\u00ed n\u00e1hrad \u0161kod zp\u016fsoben\u00fdch vybran\u00fdmi zvl\u00e1\u0161t\u011b chr\u00e1n\u011bn\u00fdmi \u017eivo\u010dichy.<\/p>\n<p>&lt;BR&gt;&lt;BR&gt;Cel\u00e9 zn\u011bn\u00ed zpr\u00e1vy je &lt;a href = aktuality\/dopis_MZP.pdf\u00a0 target=&#8220;_blank&#8220;&gt; &lt;b&gt;k dispozici zde&lt;\/b&gt;&lt;\/a&gt;<\/p>\n<p>&lt;BR&gt;&lt;BR&gt;Aktualizovan\u00fd cen\u00edk je &lt;a href = aktuality\/Aktualizovan\u00fd_cen\u00edk_ryb_RS\u010cR_2017_upr_2020.pdf\u00a0 target=&#8220;_blank&#8220;&gt; &lt;b&gt;k dispozici zde&lt;\/b&gt;&lt;\/a&gt;<\/p>\n<p>&lt;BR&gt;<\/p>\n<p>&lt;HR color=&#8220;#FF0000&#8243;&gt;<\/p>\n<p>&lt;h4 style=&#8220;font-family: verdana; font-size: 14; font-weight: bold; COLOR: navy&#8220;&gt;<\/p>\n<p>!!! Ra\u010d\u00ed mor !!!<\/p>\n<p>&lt;\/h4&gt;Dobr\u00fd den!<\/p>\n<p>Od za\u010d\u00e1tku leto\u0161n\u00ed sez\u00f3ny se na na\u0161em rev\u00edru znovu za\u010d\u00edn\u00e1 objevovat \u00fahyn rak\u016f. Prozat\u00edm \u010dek\u00e1me na v\u00fdsledky z rozbor\u016f, ale s velkou pravd\u011bpodobnost\u00ed se bohu\u017eel jedn\u00e1 o pokra\u010dov\u00e1n\u00ed \u0161\u00ed\u0159en\u00ed ra\u010d\u00edho moru.<\/p>\n<p>&lt;BR&gt;&lt;BR&gt;Cel\u00e9 zn\u011bn\u00ed zpr\u00e1vy o v\u00fdskytu ra\u010d\u00edho moru je k &lt;a href = aktuality\/Raci_mor2020.doc\u00a0 target=&#8220;_blank&#8220;&gt; &lt;b&gt;k dispozici zde&lt;\/b&gt;&lt;\/a&gt;<\/p>\n<p>&lt;BR&gt;&lt;BR&gt;<\/p>\n<p>&lt;h4&gt;<\/p>\n<p>&lt;HR color=&#8220;#666666&#8243;&gt;<\/p>\n<p>&lt;IMG SRC=&#8220;aktuality\/rak.PNG&#8220; WIDTH=212 HEIGHT=144&gt;<\/p>\n<p>&lt;BR&gt;<\/p>\n<p>&lt;b&gt;Hydrobiolog V\u00daS Ostrava, Ing. Daniel Gebauer, zaslal MO p\u0159\u00edru\u010dku k zabr\u00e1n\u011bn\u00ed \u0161\u00ed\u0159en\u00ed ra\u010d\u00edho moru.<\/p>\n<p>&lt;BR&gt;Let\u00e1k je k &lt;a href = aktuality\/raci_mor.pdf\u00a0 target=&#8220;_blank&#8220;&gt; &lt;b&gt;k dispozici zde&lt;\/b&gt;&lt;\/a&gt;<\/p>\n<p>&lt;a href = _blank&#8220;&gt;\u00a0\u00a0\u00a0\u00a0\u00a0\u00a0\u00a0\u00a0\u00a0\u00a0 &lt;\/b&gt;&lt;\/a&gt;<\/p>\n<p>&lt;BR&gt;<\/p>\n<p>&lt;\/h4&gt;<\/p>\n<p>&lt;BR&gt;<\/p>\n<p>&lt;HR color=&#8220;#FF0000&#8243;&gt;<\/p>\n<p>&lt;h4 style=&#8220;font-family: verdana; font-size: 14; font-weight: bold; COLOR: navy&#8220;&gt;<\/p>\n<p>Zm\u011bny v popisu rev\u00edru pro rok 2020<\/p>\n<p>&lt;\/h4&gt;Dobr\u00fd den!<\/p>\n<p>V kr\u00e1tkosti chci jen p\u0159ed nadch\u00e1zej\u00edc\u00ed sez\u00f3nou upozornit na zm\u011bny v popisu na\u0161eho rev\u00edru.&lt;BR&gt;&lt;BR&gt;<\/p>\n<p>\u2013 Na V\u010cS 31.3.2019 jsme si odhlasovali vznik nov\u00e9ho h\u00e1jen\u00e9ho \u00faseku v Ro\u017enov\u011b p.R. \u2013 OD LETO\u0160N\u00cdHO ROKU TENTO PLAT\u00cd !!!&lt;BR&gt;<\/p>\n<p>\u201eOd \u00fast\u00ed Hornopaseck\u00e9ho potoka po jez u Eropl\u00e1nu plat\u00ed z\u00e1kaz rybolovu\u201c \u2013 vyzna\u010deno tabulemi.&lt;BR&gt;&lt;BR&gt;<\/p>\n<p>\u2013 Od leto\u0161n\u00edho roku ji\u017e neplat\u00ed na n\u00e1dr\u017ei u Mace\u010dk\u016f minim\u00e1ln\u00ed lovn\u00e1 m\u00edra cand\u00e1ta&lt;BR&gt;&lt;BR&gt;<\/p>\n<p>P\u0159eji v\u0161em slu\u0161n\u00fdm ryb\u00e1\u0159\u016fm mnoho p\u011bkn\u00fdch z\u00e1\u017eitk\u016f u vody.<\/p>\n<p>&lt;BR&gt;&lt;BR&gt;Martin Hol\u010d\u00e1k, hospod\u00e1\u0159 MO<\/p>\n<p>&lt;BR&gt;&lt;BR&gt;<\/p>\n<p>&lt;BR&gt;<\/p>\n<p>&lt;HR color=&#8220;#FF0000&#8243;&gt;<\/p>\n<p>&lt;h4 style=&#8220;font-family: verdana; font-size: 14; font-weight: bold; COLOR: navy&#8220;&gt;<\/p>\n<p>!!! Informace hospod\u00e1\u0159sk\u00e9ho odboru !!!<\/p>\n<p>&lt;\/h4&gt;12.4.2020 byly dokon\u010deny p\u0159edsez\u00f3nn\u00ed pr\u00e1ce na rev\u00edru.<\/p>\n<p>&lt;BR&gt;<\/p>\n<p>Z chovn\u00fdch potok\u016f bylo celkem odloveno 1 634 ks n\u00e1sady pstruha poto\u010dn\u00edho.<\/p>\n<p>&lt;BR&gt;&lt;BR&gt;<\/p>\n<p>Chovn\u00e9 potoky byly n\u00e1sledn\u011b osazeny pl\u016fdkem v celkov\u00e9m mno\u017estv\u00ed 150tis ks. Pl\u016fdek byl zaji\u0161t\u011bn n\u00e1kupem od pana Ra\u0161ky.<\/p>\n<p>&lt;BR&gt;&lt;BR&gt;<\/p>\n<p>&lt;span style=&#8220;font-family:verdana; font-size: 14; font-weight: bold; color: red&#8220;&gt;!!! Zarybn\u011bn\u00ed rev\u00edru p\u0159ed za\u010d\u00e1tkem sez\u00f3ny zaji\u0161t\u011bno !!!<\/p>\n<p>&lt;BR&gt;<\/p>\n<p>Do p\u0159ehrady vysazeno 100kg Po z farmov\u00e9ho chovu, dal\u0161\u00edch 200kg Pd rozsazeno po cel\u00e9m rev\u00edru.&lt;\/span&gt;<\/p>\n<p>&lt;BR&gt;&lt;BR&gt;<\/p>\n<p>D\u00e1le zaji\u0161t\u011bno vyzna\u010den\u00ed nov\u00e9ho h\u00e1jen\u00e9ho \u00faseku na rev\u00edru. Na p\u0159ehrad\u011b um\u00edst\u011bny nov\u00e9 popisn\u00e9 cedule.<\/p>\n<p>&lt;BR&gt;&lt;BR&gt;<\/p>\n<p>2.4.2020 provedeny dva komer\u010dn\u00ed odlovy kv\u016fli stavebn\u00edm prac\u00edm na chovn\u00fdch potoc\u00edch.<\/p>\n<p>&lt;BR&gt;&lt;BR&gt;<\/p>\n<p>Pod\u011bkov\u00e1n\u00ed pat\u0159\u00ed v\u0161em, kte\u0159\u00ed se na jarn\u00edch prac\u00edch jakkoliv pod\u00edleli.<\/p>\n<p>&lt;BR&gt;&lt;BR&gt;<\/p>\n<p>Martin Hol\u010d\u00e1k, hospod\u00e1\u0159 MO<\/p>\n<p>&lt;\/ul&gt;<\/p>\n<p>&lt;BR&gt;<\/p>\n<p>&lt;BR&gt;<\/p>\n<p>&lt;HR color=&#8220;#FF0000&#8243;&gt;<\/p>\n<p>&lt;h4 style=&#8220;font-family: verdana; font-size: 14; font-weight: bold; COLOR: navy&#8220;&gt;<\/p>\n<p>!!! VYSAZOV\u00c1N\u00cd PL\u016eDKU !!!<\/p>\n<p>&lt;\/h4&gt;V sobotu 28.03.2020 prob\u011bhlo \u00fasp\u011b\u0161n\u011b vysazov\u00e1n\u00ed pl\u016fdku do chovn\u00fdch potok\u016f. V\u0161em z\u00fa\u010dastn\u011bn\u00fdm d\u011bkuje cel\u00fd v\u00fdbor MO.<\/p>\n<p>&lt;\/ul&gt;<\/p>\n<p>&lt;BR&gt;<\/p>\n<p>&lt;BR&gt;<\/p>\n<p>&lt;HR color=&#8220;#FF0000&#8243;&gt;<\/p>\n<p>&lt;h4 style=&#8220;font-family: verdana; font-size: 14; font-weight: bold; COLOR: navy&#8220;&gt;<\/p>\n<p>!!! INDIVIDU\u00c1LN\u00cd V\u00ddDEJ POVOLENEK !!!<\/p>\n<p>&lt;\/h4&gt;V\u00e1\u017een\u00ed \u010dlenov\u00e9,<\/p>\n<p>vzhledem k nastal\u00e9 situaci se ru\u0161\u00ed v\u00fddej povolenek 2020 v ryb\u00e1\u0159sk\u00e9 Boud\u011b v Ro\u017enov\u011b p.R. v uveden\u00fdch term\u00ednech.<\/p>\n<p>&lt;BR&gt;&lt;BR&gt;<\/p>\n<p>V\u00fddej povolenek bude a\u017e do odvol\u00e1n\u00ed prob\u00edhat individu\u00e1ln\u011b.<\/p>\n<p>Volejte: 605 808 661 nebo pou\u017eijte e-mail cvikl2@vmp.cz<\/p>\n<p>Sledujte na\u0161e webov\u00e9 str\u00e1nky !!!! http:\/\/www.crs-roznov.cz<\/p>\n<p>&lt;BR&gt;&lt;BR&gt;<\/p>\n<p>V\u011b\u0159\u00edm, \u017ee to spole\u010dn\u011b zvl\u00e1dneme.<\/p>\n<p>&lt;BR&gt;&lt;BR&gt;<\/p>\n<p>S pozdravem Petr\u016fv zdar<\/p>\n<p>&lt;BR&gt;&lt;BR&gt;<\/p>\n<p>Mgr. Zden\u011bk Cvikl<\/p>\n<p>jednatel \u010cRS, z.s., MO Ro\u017enov p.R.<\/p>\n<p>&lt;BR&gt;&lt;BR&gt;V\u00fddej povolenek jen po telefonick\u00e9 domluv\u011b &lt;a href = aktuality\/Vydejpovolenek.doc target=&#8220;_blank&#8220;&gt; &lt;b&gt;k dispozici zde&lt;\/b&gt;&lt;\/a&gt;<\/p>\n<p>&lt;\/ul&gt;<\/p>\n<p>&lt;BR&gt;<\/p>\n<p>&lt;BR&gt;<\/p>\n<p>&lt;HR color=&#8220;#FF0000&#8243;&gt;<\/p>\n<p>&lt;h4 style=&#8220;font-family: verdana; font-size: 14; font-weight: bold; COLOR: navy&#8220;&gt;Informace Ministerstva zem\u011bd\u011blstv\u00ed &#8211; V\u00fdkon pr\u00e1va myslivosti, ryb\u00e1\u0159sk\u00e9ho pr\u00e1va a v\u010dela\u0159stv\u00ed po p\u0159ijet\u00ed krizov\u00e9ho opat\u0159en\u00ed vl\u00e1dy \u010cesk\u00e9 republiky ze dne 15. b\u0159ezna 2020<\/p>\n<p>&lt;\/h4&gt;V\u00fdkon ryb\u00e1\u0159sk\u00e9ho pr\u00e1va, zejm\u00e9na individu\u00e1ln\u00ed lov a pl\u00e1novan\u00e9 zaryb\u0148ov\u00e1n\u00ed, v\u010detn\u011b vyu\u017eit\u00ed hromadn\u011b \u00fa\u010dinn\u00fdch metod lovu ryb v rybn\u00edk\u00e1\u0159stv\u00ed a v ryb\u00e1\u0159sk\u00fdch rev\u00edrech za \u00fa\u010delem loven\u00ed ryb\u00ed obs\u00e1dky stejn\u011b jako zaji\u0161t\u011bn\u00ed v\u00fdt\u011bru ryb a chovu ryb v rybochovn\u00fdch za\u0159\u00edzen\u00edch \u010di dal\u0161\u00edch provozn\u00edch \u010dinnost\u00ed je v souladu s v\u00fdjimkami ze z\u00e1kaz\u016f, na kter\u00e9 se krizov\u00e9 opat\u0159en\u00ed nevztahuje.<\/p>\n<p>Jde o v\u00fdjimku zakotvenou v bodu I. p\u00edsm. c) usnesen\u00ed vl\u00e1dy \u2013 zaji\u0161t\u011bn\u00ed p\u00e9\u010de o zv\u00ed\u0159ata a v\u00fdjimku zakotvenou v bodu I. p\u00edsm. h) usnesen\u00ed vl\u00e1dy \u2013 pohybu v p\u0159\u00edrod\u011b.<\/p>\n<p>Spole\u010dn\u00e9 lovy (nap\u0159. ryb\u00e1\u0159sk\u00e9 z\u00e1vody), stejn\u011b jako jak\u00e9koli shroma\u017e\u010fov\u00e1n\u00ed ryb\u00e1\u0159\u016f z jin\u00fdch d\u016fvod\u016f (by\u0165 ve skupin\u00e1ch pod 30 osob), nejsou nezbytn\u00e9 pro p\u00e9\u010di o ryby (zv\u00ed\u0159ata) a jejich lov, a proto je t\u0159eba je neorganizovat a nez\u00fa\u010dast\u0148ovat se jich; s v\u00fdjimkou hromadn\u011b \u00fa\u010dinn\u00fdch metod lovu ryb v rybn\u00edk\u00e1\u0159stv\u00ed a v ryb\u00e1\u0159sk\u00fdch rev\u00edrech za \u00fa\u010delem loven\u00ed ryb\u00ed obs\u00e1dky stejn\u011b i jako dal\u0161\u00edch provozn\u00edch \u010dinnost\u00ed v chovu ryb. Uveden\u00e9 vypl\u00fdv\u00e1 z \u00fa\u010delu karant\u00e9nn\u00edch opat\u0159en\u00ed vl\u00e1dy \u010cesk\u00e9 republiky ze dne 12. b\u0159ezna 2020, kter\u00e1 by takov\u00fdmto jedn\u00e1n\u00edm mohla b\u00fdt zma\u0159ena.<\/p>\n<p>&lt;BR&gt;<\/p>\n<p>&lt;BR&gt;Zdroj Ministerstvo zem\u011bd\u011blstv\u00ed \u010cR &lt;a href = aktuality\/MZE.pdf target=&#8220;_blank&#8220;&gt; &lt;b&gt;k dispozici zde&lt;\/b&gt;&lt;\/a&gt;<\/p>\n<p>&lt;\/ul&gt;<\/p>\n<p>&lt;BR&gt;<\/p>\n<p>&lt;BR&gt;<\/p>\n<p>&lt;HR color=&#8220;#FF0000&#8243;&gt;<\/p>\n<p>&lt;h4 style=&#8220;font-family: verdana; font-size: 14; font-weight: bold; COLOR: navy&#8220;&gt;!!! ZRU\u0160ENO !!!<\/p>\n<p>&lt;BR&gt;&lt;BR&gt;D\u011btsk\u00e9 ryb\u00e1\u0159sk\u00e9 z\u00e1vody 28.03.2020<\/p>\n<p>&lt;BR&gt;&lt;BR&gt;!!! ZRU\u0160ENO !!!<\/p>\n<p>&lt;\/h4&gt;Rozhodnut\u00edm V\u00fdboru MO byly zru\u0161eny d\u011btsk\u00e9 ryb\u00e1\u0159sk\u00e9 z\u00e1vody. Ve\u0161ker\u00e9 info a vyzvednut\u00ed povolenek d\u011bt\u00ed zaji\u0161\u0165uje po telefonick\u00e9 dohod\u011b pan Roman Zuza\u0148\u00e1k, tel.\u00a0\u00a0\u00a0\u00a0\u00a0\u00a0 737 603 911, email:zuzanak4@seznam.cz<\/p>\n<p>&lt;BR&gt;<\/p>\n<p>&lt;\/ul&gt;<\/p>\n<p>&lt;BR&gt;<\/p>\n<p>&lt;HR color=&#8220;#FF0000&#8243;&gt;<\/p>\n<p>&lt;h4 style=&#8220;font-family: verdana; font-size: 14; font-weight: bold; COLOR: navy&#8220;&gt;!!! ODLO\u017dENO !!!<\/p>\n<p>&lt;BR&gt;&lt;BR&gt;V\u00fdro\u010dn\u00ed \u010dlensk\u00e1 sch\u016fze 22.03.2020<\/p>\n<p>&lt;BR&gt;&lt;BR&gt;!!! ODLO\u017dENO\u00a0 na 19.09.2020!!!<\/p>\n<p>&lt;\/h4&gt;Term\u00edn V\u010cS je p\u0159esunut na 19.09.2020. Sledujte web a v\u00fdv\u011bsn\u00ed vitr\u00edny!<\/p>\n<p>&lt;BR&gt;<\/p>\n<p>&lt;\/ul&gt;<\/p>\n<p>&lt;BR&gt;<\/p>\n<p>&lt;HR color=&#8220;#FF0000&#8243;&gt;<\/p>\n<p>&lt;h4 style=&#8220;font-family: verdana; font-size: 14; font-weight: bold; COLOR: navy&#8220;&gt;Hospod\u00e1\u0159sk\u00e9 z\u00e1sahy v rev\u00edru 2020&lt;\/h4&gt;<\/p>\n<p>&lt;li&gt;Od soboty 29.\u00fanora 2020 za\u010dal hospod\u00e1\u0159sk\u00fd odbor MO Ro\u017enov prov\u00e1d\u011bt ka\u017edoro\u010dn\u00ed \u010dinnosti na rev\u00edru 473002, souvisej\u00edc\u00ed se slovov\u00e1n\u00edm chovn\u00fdch potok\u016f a p\u0159\u00edpravou na vysazov\u00e1n\u00ed pl\u016fdku. P\u0159\u00edpadn\u00ed z\u00e1jemci o v\u00fdpomoc (odpracov\u00e1n\u00ed brig\u00e1dnick\u00e9 povinnosti) se mohou hl\u00e1sit u hospod\u00e1\u0159e MO &#8211; Ing. Martina Hol\u010d\u00e1ka na tel. 732 733 739, emailem MartinHolcak@seznam.cz, pop\u0159\u00edpad\u011b pomoci formul\u00e1\u0159e http:\/\/www.crs-roznov.cz\/nabidka_brigad.php<\/p>\n<p>&lt;\/ul&gt;<\/p>\n<p>&lt;BR&gt;<\/p>\n<p>Brig\u00e1dn\u00edci&lt;a href = http:\/\/www.crs-roznov.cz\/nabidka_brigad.php\u00a0 target=&#8220;_blank&#8220;&gt; &lt;b&gt;k dispozici zde&lt;\/b&gt;&lt;\/a&gt;<\/p>\n<p>&lt;\/h4&gt;<\/p>\n<p>&lt;BR&gt;<\/p>\n<p>&lt;\/ul&gt;<\/p>\n<p>&lt;\/ul&gt;<\/p>\n<p>&lt;HR color=&#8220;#FF0000&#8243;&gt;<\/p>\n<p>&lt;h4 style=&#8220;font-family: verdana; font-size: 14; font-weight: bold; COLOR: navy&#8220;&gt;Nov\u00fd web MO Ro\u017enov&lt;\/h4&gt;<\/p>\n<p>&lt;li&gt;V sou\u010dasn\u00e9 dob\u011b je p\u0159ipravena nov\u00e1 verze webov\u00fdch str\u00e1nek MO Ro\u017enov. Str\u00e1nky budou obsahovat aktu\u00e1ln\u00ed informace, kter\u00e9 jsou d\u016fle\u017eit\u00e9 pro v\u00fdkon ryb\u00e1\u0159sk\u00e9ho pr\u00e1va na rev\u00edru Be\u010dva Ro\u017enovsk\u00e1 2, 473002. Jsou optimalizov\u00e1ny i pro prohl\u00ed\u017een\u00ed na mobiln\u00edch za\u0159\u00edzen\u00edch (tablety, chytr\u00e9 mobiln\u00ed telefony). Prozat\u00edm jsou um\u00edstn\u011bny na do\u010dasn\u00e9 adrese https:\/\/www.crs-roznov.cz\/wordpress\/,pozd\u011bji (p\u016fvodn\u011b pl\u00e1nov\u00e1no po V\u00fdro\u010dn\u00ed \u010dlensk\u00e9 sch\u016fzi &#8211;\u00a0 bohu\u017eel prozat\u00edm neprob\u011bhla) budou p\u0159esunuty na adresu, kde jsou um\u00edstn\u011bny sou\u010dasn\u00e9 webov\u00e9 str\u00e1nky, ty nebudou d\u00e1le aktualizov\u00e1ny.<\/p>\n<p>&lt;BR&gt;<\/p>\n<p>Nov\u00fd web&lt;a href = https:\/\/www.crs-roznov.cz\/wordpress\/\u00a0 target=&#8220;_blank&#8220;&gt; &lt;b&gt;k dispozici zde&lt;\/b&gt;&lt;\/a&gt;<\/p>\n<p>&lt;\/h4&gt;<\/p>\n<p>Pros\u00edme \u010dleny MO o zp\u011btnou reakci, zda v\u0161e funguje a vyhovuje. Jak\u00e9koliv poznatky zas\u00edlejte, pros\u00edm na email spr\u00e1vce webu, Ond\u0159eji Ja\u0161kovi &#8211; jaseko@seznam.cz, pop\u0159\u00edpad\u011b telefonicky na 733619389.<\/p>\n<p>&lt;BR&gt;<\/p>\n<p>&lt;\/ul&gt;<\/p>\n<p>&lt;BR&gt;<\/p>\n<p>&lt;HR color=&#8220;#FF0000&#8243;&gt;<\/p>\n<p>&lt;h4 style=&#8220;font-family: verdana; font-size: 14; font-weight: bold; COLOR: navy&#8220;&gt;Dozor\u010d\u00ed komise MO Ro\u017enov&lt;\/h4&gt;<\/p>\n<p>&lt;li&gt;P\u0159edseda dozor\u010d\u00ed komise vyz\u00fdv\u00e1 z\u00e1jemce z \u0159ady \u010dlen\u016f MO, aby doplnili voln\u00e9 m\u00edsto v dozor\u010d\u00ed komisi, kter\u00e1 moment\u00e1ln\u011b pracuje jen v po\u010dtu 2 \u010dlen\u016f. P\u0159\u00edpadn\u00ed nov\u00ed \u010dlenov\u00e9 budou navr\u017een\u00ed na V\u00fdro\u010dn\u00ed \u010dlensk\u00e9 sch\u016fzi, 22.03.2020, kdy prob\u011bhnou dopl\u0148uj\u00edc\u00ed volby. Z\u00e1jemci se mohou hl\u00e1sit p\u0159\u00edmo p\u0159edsedovi dozor\u010d\u00ed komise, panu Miroslavu Rom\u00e1nkovi, romanek@vmp.cz, pop\u0159\u00edpad\u011b na tel. 603 209 787.<\/p>\n<p>&lt;BR&gt;<\/p>\n<p>&lt;\/ul&gt;<\/p>\n<p>&lt;HR color=&#8220;#FF0000&#8243;<\/p>\n<p>&lt;\/ul&gt;<\/p>\n<p>&lt;h4 style=&#8220;font-family: verdana; font-size: 14; font-weight: bold; COLOR: navy&#8220;&gt;D\u011btsk\u00e9 ryb\u00e1\u0159sk\u00e9 z\u00e1vody 28.03.2020:&lt;\/h4&gt;<\/p>\n<p>&lt;li&gt;V\u00fdbor MO Ro\u017enov pod Radho\u0161t\u011bm po\u0159\u00e1d\u00e1 ji\u017e tradi\u010dn\u00ed d\u011btsk\u00e9 ryb\u00e1\u0159sk\u00e9 z\u00e1vody. V leto\u0161n\u00edm roce prob\u011bhnou v sobotu, 28. b\u0159ezna 2020 na rybn\u00ed\u010dku v Ml\u00fdnsk\u00e9 dolin\u011b &#8211; are\u00e1l N\u00e1rodn\u00edho muzea v p\u0159\u00edrod\u011b. V\u00edce info pod\u00e1 pan Roman Zuza\u0148\u00e1k.<\/p>\n<p>&lt;BR&gt;<\/p>\n<p>&lt;IMG SRC=&#8220;aktuality\/Pdz_m.jpg&#8220; WIDTH=144 HEIGHT=156&gt;<\/p>\n<p>&lt;BR&gt;<\/p>\n<p>&lt;BR&gt;Pozv\u00e1nka na d\u011btsk\u00e9 ryb\u00e1\u0159sk\u00e9 z\u00e1vody &lt;a href = aktuality\/Pozvanka_detske_zavody_28_03_2020.pdf target=&#8220;_blank&#8220;&gt; &lt;b&gt;k dispozici zde&lt;\/b&gt;&lt;\/a&gt;<\/p>\n<p>&lt;\/ul&gt;<\/p>\n<p>&lt;HR color=&#8220;#FF0000&#8243;&gt;<\/p>\n<p>&lt;h4 style=&#8220;font-family: verdana; font-size: 14; font-weight: bold; COLOR: navy&#8220;&gt;Term\u00edny sch\u016fz\u00ed V\u00fdboru MO pro rok 2020:&lt;\/h4&gt;<\/p>\n<p>&lt;li&gt;13.01. (prob\u011bhlo), 10.02. (prob\u011bhlo), 09.03. (prob\u011bhlo), 06.04. (zru\u0161eno &#8211; jen emailov\u00e1 komunikace), 04.05. 15.06., 07.09., 05.10. 02.11.<\/p>\n<p>&lt;BR&gt;<\/p>\n<p>&lt;BR&gt;<\/p>\n<p>&lt;\/ul&gt;<\/p>\n<p>&lt;HR color=&#8220;#FF0000&#8243;&gt;<\/p>\n<p>&lt;h4 style=&#8220;font-family: verdana; font-size: 14; font-weight: bold; COLOR: navy&#8220;&gt;Upozorn\u011bn\u00ed&lt;\/h4&gt;<\/p>\n<p>&lt;ol&gt;<\/p>\n<p>&lt;li&gt;Platba \u010dl. povinnost\u00ed a povolenek je mo\u017en\u00e1 a\u017e od 2. ledna 2020&lt;\/li&gt;<\/p>\n<p>&lt;li&gt;Na v\u00fdro\u010dn\u00ed \u010dlensk\u00e9 sch\u016fzi nebude zaji\u0161t\u011bn v\u00fddej povolenek&lt;\/li&gt;<\/p>\n<p>&lt;li&gt;P\u0159i v\u00fddeji povolenek si nezapome\u0148te s sebou vz\u00edt \u010dlensk\u00fd pr\u016fkaz a ryb\u00e1\u0159sk\u00fd l\u00edstek&lt;\/li&gt;<\/p>\n<p>&lt;li&gt;V\u00fdzva k p\u0159\u00edsp\u011bvku do &lt;strong&gt;FRR &#8211; fond rozvoje rev\u00edru&lt;\/strong&gt;&lt;\/li&gt;<\/p>\n<p>&lt;\/ol&gt;<\/p>\n<p>&lt;p&gt;V roce 2020 je povinen zaplatit ka\u017ed\u00fd \u010dlen MO \u010cRS V\u00daS Ostrava \u010d\u00e1stku 200,- K\u010d:&lt;\/p&gt;<\/p>\n<p>&lt;ul&gt;<\/p>\n<p>&lt;li&gt;je narozen v roce 2004 a d\u0159\u00edve&lt;\/li&gt;<\/p>\n<p>&lt;li&gt;je vlastn\u00edkem libovoln\u00e9 ro\u010dn\u00ed povolenky &lt;\/li&gt;<\/p>\n<p>&lt;li&gt;platba \u010dlena bude prov\u00e1d\u011bna v hotovosti p\u0159i\u00a0 odb\u011bru povolenky\u00a0\u00a0 &lt;\/li&gt;<\/p>\n<p>&lt;BR&gt;Sd\u011blen\u00ed V\u00daS Ostrava pro v\u00fddej povolenek v roce 2020 &lt;a href = soubory\/FRR.pdf target=&#8220;_blank&#8220;&gt; &lt;b&gt;k dispozici zde&lt;\/b&gt;&lt;\/a&gt;<\/p>\n<p>&lt;\/ul&gt;<\/p>\n<p>&lt;h4&gt;<\/p>\n<p>&lt;HR color=&#8220;#666666&#8243;&gt;<\/p>\n<p>&lt;IMG SRC=&#8220;aktuality\/zpravodaj_vus.PNG&#8220; WIDTH=160 HEIGHT=144&gt;<\/p>\n<p>&lt;BR&gt;<\/p>\n<p>&lt;br&gt;<\/p>\n<p>&lt;b&gt;Zpravodaje V\u00daS&lt;\/b&gt;<\/p>\n<p>&lt;BR&gt;<\/p>\n<p>&lt;BR&gt;Zpravodaj V\u00daS Ostrava &#8211; duben 2020 je k &lt;a href = aktuality\/VUS_zpravodaj_duben_2020.pdf target=&#8220;_blank&#8220;&gt; &lt;b&gt;k dispozici zde&lt;\/b&gt;&lt;\/a&gt;<\/p>\n<p>&lt;BR&gt;&lt;BR&gt;<\/p>\n<p>&lt;BR&gt;<\/p>\n<p>&lt;BR&gt;Zpravodaj V\u00daS Ostrava &#8211; b\u0159ezen 2020 je k &lt;a href = aktuality\/VUS_zpravodaj_b\u0159ezen_2020.pdf target=&#8220;_blank&#8220;&gt; &lt;b&gt;k dispozici zde&lt;\/b&gt;&lt;\/a&gt;<\/p>\n<p>&lt;BR&gt;&lt;BR&gt;<\/p>\n<p>&lt;BR&gt;<\/p>\n<p>&lt;BR&gt;Z\u00e1pis Aktivu p\u0159edsed\u016f z P\u0159erova &#8211; 22. \u00fanora 2020 je k &lt;a href = aktuality\/z\u00e1p.Aktiv_22.2.2020.docx target=&#8220;_blank&#8220;&gt; &lt;b&gt;k dispozici zde&lt;\/b&gt;&lt;\/a&gt;<\/p>\n<p>&lt;BR&gt;&lt;BR&gt;<\/p>\n<p>&lt;BR&gt;<\/p>\n<p>&lt;BR&gt;Zpravodaj V\u00daS Ostrava &#8211; \u00fanor 2020 je k &lt;a href = aktuality\/VUS_zpravodaj_\u00fanor_2020.pdf target=&#8220;_blank&#8220;&gt; &lt;b&gt;k dispozici zde&lt;\/b&gt;&lt;\/a&gt;<\/p>\n<p>&lt;BR&gt;&lt;BR&gt;<\/p>\n<p>&lt;BR&gt;<\/p>\n<p>&lt;BR&gt;Zpravodaj V\u00daS Ostrava &#8211; leden 2020 je k &lt;a href = aktuality\/VUS_zpravodaj_leden_2020.pdf target=&#8220;_blank&#8220;&gt; &lt;b&gt;k dispozici zde&lt;\/b&gt;&lt;\/a&gt;<\/p>\n<p>&lt;BR&gt;&lt;BR&gt;<\/p>\n<p>&lt;BR&gt;Zpravodaj V\u00daS Ostrava &#8211; prosinec 2019 je k &lt;a href = aktuality\/VUS_zpravodaj_prosinec.pdf target=&#8220;_blank&#8220;&gt; &lt;b&gt;k dispozici zde&lt;\/b&gt;&lt;\/a&gt;<\/p>\n<p>&lt;BR&gt;&lt;BR&gt;<\/p>\n<p>&lt;BR&gt;Zpravodaj V\u00daS Ostrava &#8211; listopad 2019 je k &lt;a href = aktuality\/VUS_zpravodaj_listopad.pdf target=&#8220;_blank&#8220;&gt; &lt;b&gt;k dispozici zde&lt;\/b&gt;&lt;\/a&gt;<\/p>\n<p>&lt;BR&gt;&lt;BR&gt;<\/p>\n<p>&lt;BR&gt;Zpravodaj V\u00daS Ostrava &#8211; \u0159\u00edjen 2019 je k &lt;a href = aktuality\/VUS_zpravodaj_\u0159\u00edjen.pdf target=&#8220;_blank&#8220;&gt; &lt;b&gt;k dispozici zde&lt;\/b&gt;&lt;\/a&gt;<\/p>\n<p>&lt;br&gt;<\/p>\n<p>&lt;b&gt; &lt;\/b&gt;<\/p>\n<p>&lt;BR&gt;<\/p>\n","protected":false},"excerpt":{"rendered":"<p>&lt;BR&gt; &lt;h4 style=&#8220;font-family: verdana; font-size: 14; font-weight: bold; COLOR: navy&#8220;&gt;!!! \u00dahyn na toku Kn\u011bhyn\u011b !!!&lt;\/h4&gt; &lt;BR&gt;V p\u00e1tek, 30. \u010dervence kolem poledne byl zji\u0161t\u011bn \u00fahyn ryb \u0159ece Kn\u011bhyn\u011b a to n\u011bkolik stovek metr\u016f nad restaurac\u00ed Zavadilka. Bezprost\u0159edn\u011b po zji\u0161t\u011bn\u00ed byli kontaktov\u00e1ni pracovn\u00edci odboru \u017dP z Ro\u017enova p\/R a tak\u00e9 hasi\u010di, kte\u0159\u00ed odebrali nezbytn\u00e9 vzorky pro n\u00e1sledn\u00fd [&hellip;]<\/p>\n","protected":false},"author":1,"featured_media":0,"comment_status":"open","ping_status":"open","sticky":false,"template":"","format":"standard","meta":{"footnotes":""},"categories":[1],"tags":[],"class_list":["post-495","post","type-post","status-publish","format-standard","hentry","category-nezarazene"],"_links":{"self":[{"href":"https:\/\/www.crs-roznov.cz\/wordpress\/wp-json\/wp\/v2\/posts\/495","targetHints":{"allow":["GET"]}}],"collection":[{"href":"https:\/\/www.crs-roznov.cz\/wordpress\/wp-json\/wp\/v2\/posts"}],"about":[{"href":"https:\/\/www.crs-roznov.cz\/wordpress\/wp-json\/wp\/v2\/types\/post"}],"author":[{"embeddable":true,"href":"https:\/\/www.crs-roznov.cz\/wordpress\/wp-json\/wp\/v2\/users\/1"}],"replies":[{"embeddable":true,"href":"https:\/\/www.crs-roznov.cz\/wordpress\/wp-json\/wp\/v2\/comments?post=495"}],"version-history":[{"count":1,"href":"https:\/\/www.crs-roznov.cz\/wordpress\/wp-json\/wp\/v2\/posts\/495\/revisions"}],"predecessor-version":[{"id":496,"href":"https:\/\/www.crs-roznov.cz\/wordpress\/wp-json\/wp\/v2\/posts\/495\/revisions\/496"}],"wp:attachment":[{"href":"https:\/\/www.crs-roznov.cz\/wordpress\/wp-json\/wp\/v2\/media?parent=495"}],"wp:term":[{"taxonomy":"category","embeddable":true,"href":"https:\/\/www.crs-roznov.cz\/wordpress\/wp-json\/wp\/v2\/categories?post=495"},{"taxonomy":"post_tag","embeddable":true,"href":"https:\/\/www.crs-roznov.cz\/wordpress\/wp-json\/wp\/v2\/tags?post=495"}],"curies":[{"name":"wp","href":"https:\/\/api.w.org\/{rel}","templated":true}]}}