{"id":453,"date":"2021-08-13T06:09:39","date_gmt":"2021-08-13T04:09:39","guid":{"rendered":"http:\/\/www.crs-roznov.cz\/wordpress\/?p=453"},"modified":"2021-08-13T06:09:39","modified_gmt":"2021-08-13T04:09:39","slug":"zprava-o-cinnosti-odboru-cvazp-za-rok-2020-jakozto-soucast-zpravy-o-cinnosti-us-crs-ostrava-za-minuly-rok","status":"publish","type":"post","link":"https:\/\/www.crs-roznov.cz\/wordpress\/2021\/08\/13\/zprava-o-cinnosti-odboru-cvazp-za-rok-2020-jakozto-soucast-zpravy-o-cinnosti-us-crs-ostrava-za-minuly-rok\/","title":{"rendered":"Zpr\u00e1va o \u010dinnosti odboru \u010cVa\u017dP za rok 2020, jako\u017eto sou\u010d\u00e1st Zpr\u00e1vy o \u010dinnosti \u00daS \u010cRS Ostrava za minul\u00fd rok"},"content":{"rendered":"\n<p>Dobr\u00fd den, p\u0159ikl\u00e1d\u00e1m Zpr\u00e1vu o \u010dinnosti odboru \n\u010cVa\u017dP za rok 2020, jako\u017eto sou\u010d\u00e1st Zpr\u00e1vy o \u010dinnosti \u00daS \u010cRS Ostrava za \nminul\u00fd rok, kter\u00e1 se bude p\u0159edkl\u00e1dat deleg\u00e1t\u016fm konference.<\/p>\n\n\n\n<p>S pozdravem, <\/p>\n\n\n\n<p><strong><em>Karla Gabalov\u00e1<\/em><\/strong><\/p>\n\n\n\n<p><strong><em>\u010cesk\u00fd ryb\u00e1\u0159sk\u00fd svaz, z.s.,<\/em><\/strong><\/p>\n\n\n\n<p><strong><em>\u00dazemn\u00ed svaz pro Severn\u00ed Moravu a Slezsko<\/em><\/strong><\/p>\n\n\n\n<p><strong><em>Jahnova 14<\/em><\/strong><\/p>\n\n\n\n<p><strong><em>709 00 Ostrava \u2013 Mari\u00e1nsk\u00e9 Hory<\/em><\/strong><\/p>\n\n\n\n<p><strong><em>Tel. : +420 596620583, +420 723471816<\/em><\/strong><\/p>\n\n\n\n<div class=\"wp-block-file\"><a href=\"https:\/\/www.crs-roznov.cz\/wordpress\/wp-content\/uploads\/2021\/08\/Zpr\u00e1va-\u010cVa\u017dP-za-2020.pdf\">Zpr\u00e1va-\u010cVa\u017dP-za-2020<\/a><a href=\"https:\/\/www.crs-roznov.cz\/wordpress\/wp-content\/uploads\/2021\/08\/Zpr\u00e1va-\u010cVa\u017dP-za-2020.pdf\" class=\"wp-block-file__button\" download>St\u00e1hnout<\/a><\/div>\n","protected":false},"excerpt":{"rendered":"<p>Dobr\u00fd den, p\u0159ikl\u00e1d\u00e1m Zpr\u00e1vu o \u010dinnosti odboru \u010cVa\u017dP za rok 2020, jako\u017eto sou\u010d\u00e1st Zpr\u00e1vy o \u010dinnosti \u00daS \u010cRS Ostrava za minul\u00fd rok, kter\u00e1 se bude p\u0159edkl\u00e1dat deleg\u00e1t\u016fm konference. S pozdravem, Karla Gabalov\u00e1 \u010cesk\u00fd ryb\u00e1\u0159sk\u00fd svaz, z.s., \u00dazemn\u00ed svaz pro Severn\u00ed Moravu a Slezsko Jahnova 14 709 00 Ostrava \u2013 Mari\u00e1nsk\u00e9 Hory Tel. : +420 596620583, [&hellip;]<\/p>\n","protected":false},"author":1,"featured_media":0,"comment_status":"open","ping_status":"open","sticky":false,"template":"","format":"standard","meta":{"footnotes":""},"categories":[1],"tags":[],"class_list":["post-453","post","type-post","status-publish","format-standard","hentry","category-nezarazene"],"_links":{"self":[{"href":"https:\/\/www.crs-roznov.cz\/wordpress\/wp-json\/wp\/v2\/posts\/453","targetHints":{"allow":["GET"]}}],"collection":[{"href":"https:\/\/www.crs-roznov.cz\/wordpress\/wp-json\/wp\/v2\/posts"}],"about":[{"href":"https:\/\/www.crs-roznov.cz\/wordpress\/wp-json\/wp\/v2\/types\/post"}],"author":[{"embeddable":true,"href":"https:\/\/www.crs-roznov.cz\/wordpress\/wp-json\/wp\/v2\/users\/1"}],"replies":[{"embeddable":true,"href":"https:\/\/www.crs-roznov.cz\/wordpress\/wp-json\/wp\/v2\/comments?post=453"}],"version-history":[{"count":1,"href":"https:\/\/www.crs-roznov.cz\/wordpress\/wp-json\/wp\/v2\/posts\/453\/revisions"}],"predecessor-version":[{"id":455,"href":"https:\/\/www.crs-roznov.cz\/wordpress\/wp-json\/wp\/v2\/posts\/453\/revisions\/455"}],"wp:attachment":[{"href":"https:\/\/www.crs-roznov.cz\/wordpress\/wp-json\/wp\/v2\/media?parent=453"}],"wp:term":[{"taxonomy":"category","embeddable":true,"href":"https:\/\/www.crs-roznov.cz\/wordpress\/wp-json\/wp\/v2\/categories?post=453"},{"taxonomy":"post_tag","embeddable":true,"href":"https:\/\/www.crs-roznov.cz\/wordpress\/wp-json\/wp\/v2\/tags?post=453"}],"curies":[{"name":"wp","href":"https:\/\/api.w.org\/{rel}","templated":true}]}}