{"id":1276,"date":"2024-10-21T18:29:00","date_gmt":"2024-10-21T16:29:00","guid":{"rendered":"http:\/\/www.crs-roznov.cz\/wordpress\/?p=1276"},"modified":"2025-09-01T16:24:09","modified_gmt":"2025-09-01T14:24:09","slug":"muskarsky-tym-roznov-hends","status":"publish","type":"post","link":"https:\/\/www.crs-roznov.cz\/wordpress\/2024\/10\/21\/muskarsky-tym-roznov-hends\/","title":{"rendered":"Mu\u0161ka\u0159sk\u00fd t\u00fdm Ro\u017enov Hends"},"content":{"rendered":"\n<p>Sout\u011b\u017en\u00ed t\u00fdm ve slo\u017een\u00ed:  Svoboda Luk\u00e1\u0161, Kopeck\u00fd Bo\u0159ek, Franti\u0161ek a Jakub Adamovi se celkov\u011b um\u00edstili na druh\u00e9m m\u00edst\u011b v Druh\u00e9 lize mu\u0161ka\u0159\u016f. Posledn\u00ed z\u00e1vod prob\u011bhl na \u0159ece Svratce, v Uj\u010dov\u011b, kde skon\u010dili pr\u00e1v\u011b na druh\u00e9m m\u00edst\u011b.<\/p>\n\n\n\n<p>D\u011bkujeme za reprezentaci.<\/p>\n\n\n\n<figure class=\"wp-block-image size-large\"><img loading=\"lazy\" decoding=\"async\" width=\"1024\" height=\"768\" src=\"https:\/\/www.crs-roznov.cz\/wordpress\/wp-content\/uploads\/2024\/10\/t\u00fdm-1024x768.jpeg\" alt=\"\" class=\"wp-image-1277\" srcset=\"https:\/\/www.crs-roznov.cz\/wordpress\/wp-content\/uploads\/2024\/10\/t\u00fdm-1024x768.jpeg 1024w, https:\/\/www.crs-roznov.cz\/wordpress\/wp-content\/uploads\/2024\/10\/t\u00fdm-300x225.jpeg 300w, https:\/\/www.crs-roznov.cz\/wordpress\/wp-content\/uploads\/2024\/10\/t\u00fdm-768x576.jpeg 768w, https:\/\/www.crs-roznov.cz\/wordpress\/wp-content\/uploads\/2024\/10\/t\u00fdm.jpeg 1157w\" sizes=\"auto, (max-width: 1024px) 100vw, 1024px\" \/><figcaption>sout\u011b\u017en\u00ed t\u00fdm  Svoboda Luk\u00e1\u0161, Kopeck\u00fd Bo\u0159ek, Franti\u0161ek a Jakub Adamovi <br><\/figcaption><\/figure>\n\n\n\n<figure class=\"wp-block-image size-large\"><img loading=\"lazy\" decoding=\"async\" width=\"651\" height=\"868\" src=\"https:\/\/www.crs-roznov.cz\/wordpress\/wp-content\/uploads\/2024\/10\/svratka.jpeg\" alt=\"\" class=\"wp-image-1278\" srcset=\"https:\/\/www.crs-roznov.cz\/wordpress\/wp-content\/uploads\/2024\/10\/svratka.jpeg 651w, https:\/\/www.crs-roznov.cz\/wordpress\/wp-content\/uploads\/2024\/10\/svratka-225x300.jpeg 225w\" sizes=\"auto, (max-width: 651px) 100vw, 651px\" \/><figcaption>Svratka v Uj\u010dov\u011b<\/figcaption><\/figure>\n\n\n\n<figure class=\"wp-block-image size-large\"><img loading=\"lazy\" decoding=\"async\" width=\"806\" height=\"868\" src=\"https:\/\/www.crs-roznov.cz\/wordpress\/wp-content\/uploads\/2024\/10\/sta\u017een\u00fd-soubor.jpeg\" alt=\"\" class=\"wp-image-1279\" srcset=\"https:\/\/www.crs-roznov.cz\/wordpress\/wp-content\/uploads\/2024\/10\/sta\u017een\u00fd-soubor.jpeg 806w, https:\/\/www.crs-roznov.cz\/wordpress\/wp-content\/uploads\/2024\/10\/sta\u017een\u00fd-soubor-279x300.jpeg 279w, https:\/\/www.crs-roznov.cz\/wordpress\/wp-content\/uploads\/2024\/10\/sta\u017een\u00fd-soubor-768x827.jpeg 768w\" sizes=\"auto, (max-width: 806px) 100vw, 806px\" \/><\/figure>\n\n\n\n<figure class=\"wp-block-image size-large\"><img loading=\"lazy\" decoding=\"async\" width=\"1024\" height=\"999\" src=\"https:\/\/www.crs-roznov.cz\/wordpress\/wp-content\/uploads\/2024\/10\/IMG_5236-1024x999.jpeg\" alt=\"\" class=\"wp-image-1280\" srcset=\"https:\/\/www.crs-roznov.cz\/wordpress\/wp-content\/uploads\/2024\/10\/IMG_5236-1024x999.jpeg 1024w, https:\/\/www.crs-roznov.cz\/wordpress\/wp-content\/uploads\/2024\/10\/IMG_5236-300x293.jpeg 300w, https:\/\/www.crs-roznov.cz\/wordpress\/wp-content\/uploads\/2024\/10\/IMG_5236-768x750.jpeg 768w, https:\/\/www.crs-roznov.cz\/wordpress\/wp-content\/uploads\/2024\/10\/IMG_5236.jpeg 1170w\" sizes=\"auto, (max-width: 1024px) 100vw, 1024px\" \/><\/figure>\n","protected":false},"excerpt":{"rendered":"<p>Sout\u011b\u017en\u00ed t\u00fdm ve slo\u017een\u00ed: Svoboda Luk\u00e1\u0161, Kopeck\u00fd Bo\u0159ek, Franti\u0161ek a Jakub Adamovi se celkov\u011b um\u00edstili na druh\u00e9m m\u00edst\u011b v Druh\u00e9 lize mu\u0161ka\u0159\u016f. Posledn\u00ed z\u00e1vod prob\u011bhl na \u0159ece Svratce, v Uj\u010dov\u011b, kde skon\u010dili pr\u00e1v\u011b na druh\u00e9m m\u00edst\u011b. D\u011bkujeme za reprezentaci.<\/p>\n","protected":false},"author":10,"featured_media":1460,"comment_status":"open","ping_status":"open","sticky":false,"template":"","format":"standard","meta":{"footnotes":""},"categories":[1],"tags":[],"class_list":["post-1276","post","type-post","status-publish","format-standard","has-post-thumbnail","hentry","category-nezarazene"],"_links":{"self":[{"href":"https:\/\/www.crs-roznov.cz\/wordpress\/wp-json\/wp\/v2\/posts\/1276","targetHints":{"allow":["GET"]}}],"collection":[{"href":"https:\/\/www.crs-roznov.cz\/wordpress\/wp-json\/wp\/v2\/posts"}],"about":[{"href":"https:\/\/www.crs-roznov.cz\/wordpress\/wp-json\/wp\/v2\/types\/post"}],"author":[{"embeddable":true,"href":"https:\/\/www.crs-roznov.cz\/wordpress\/wp-json\/wp\/v2\/users\/10"}],"replies":[{"embeddable":true,"href":"https:\/\/www.crs-roznov.cz\/wordpress\/wp-json\/wp\/v2\/comments?post=1276"}],"version-history":[{"count":1,"href":"https:\/\/www.crs-roznov.cz\/wordpress\/wp-json\/wp\/v2\/posts\/1276\/revisions"}],"predecessor-version":[{"id":1281,"href":"https:\/\/www.crs-roznov.cz\/wordpress\/wp-json\/wp\/v2\/posts\/1276\/revisions\/1281"}],"wp:featuredmedia":[{"embeddable":true,"href":"https:\/\/www.crs-roznov.cz\/wordpress\/wp-json\/wp\/v2\/media\/1460"}],"wp:attachment":[{"href":"https:\/\/www.crs-roznov.cz\/wordpress\/wp-json\/wp\/v2\/media?parent=1276"}],"wp:term":[{"taxonomy":"category","embeddable":true,"href":"https:\/\/www.crs-roznov.cz\/wordpress\/wp-json\/wp\/v2\/categories?post=1276"},{"taxonomy":"post_tag","embeddable":true,"href":"https:\/\/www.crs-roznov.cz\/wordpress\/wp-json\/wp\/v2\/tags?post=1276"}],"curies":[{"name":"wp","href":"https:\/\/api.w.org\/{rel}","templated":true}]}}