{"id":1268,"date":"2024-10-09T05:28:57","date_gmt":"2024-10-09T03:28:57","guid":{"rendered":"http:\/\/www.crs-roznov.cz\/wordpress\/?p=1268"},"modified":"2024-10-09T05:28:57","modified_gmt":"2024-10-09T03:28:57","slug":"memorial-vladimira-kralika-lru-feeder-2024","status":"publish","type":"post","link":"https:\/\/www.crs-roznov.cz\/wordpress\/2024\/10\/09\/memorial-vladimira-kralika-lru-feeder-2024\/","title":{"rendered":"Memori\u00e1l Vladim\u00edra Kr\u00e1l\u00edka LRU Feeder 2024"},"content":{"rendered":"\n<p><strong>Term\u00edn:<\/strong> 19.10. 2024 Kr\u010dma\u0148 1A (471 221 \u2013 MO Brodek u\nP\u0159erova)<\/p>\n\n\n\n<p><strong>Po\u0159adatel:<\/strong> odbor LRU Feeder \u00daS Moravskoslezsk\u00fd ve\nspoluprac\u00ed s MO Brodek u P\u0159erova <\/p>\n\n\n\n<p><strong>Garant z\u00e1vodu: <\/strong>Ji\u0159\u00ed Jani\u0161<\/p>\n\n\n\n<p><strong>Hlavn\u00ed rozhod\u010d\u00ed: <\/strong>Ji\u0159\u00ed Matej<\/p>\n\n\n\n<p><strong>Jury: <\/strong>bude stanovena z&nbsp;\u0159ad z\u00e1vodn\u00edk\u016f<\/p>\n\n\n\n<p><strong>Startovn\u00e9:<\/strong> 100 K\u010d<\/p>\n\n\n\n<p><strong>Popis z\u00e1vodu: <\/strong><\/p>\n\n\n\n<p>Jedn\u00e1 se o otev\u0159en\u00fd n\u00e1borov\u00fd z\u00e1vod jednotlivc\u016f. Z\u00e1vod se skl\u00e1d\u00e1 ze dvou\nt\u0159\u00edhodinov\u00fdch kol.<\/p>\n\n\n\n<p><strong>\u010casov\u00fd harmonogram:<\/strong><\/p>\n\n\n\n<p>7:00 &#8211; 7:15 Prezentace z\u00e1vodn\u00edk\u016f<\/p>\n\n\n\n<p>7:15 \u2013 7:30 Losov\u00e1n\u00ed obou z\u00e1vod\u016f<\/p>\n\n\n\n<p>7:30 \u2013 8:45 1.sign\u00e1l &#8211; p\u0159\u00edprava na prvn\u00ed z\u00e1vod<\/p>\n\n\n\n<p>8:45 2.sign\u00e1l \u2013 za\u010d\u00e1tek prvn\u00edho z\u00e1vodu<\/p>\n\n\n\n<p>11:40 3.sign\u00e1l \u2013 5 minut do konce prvn\u00edho z\u00e1vodu<\/p>\n\n\n\n<p>11:45 4.sign\u00e1l \u2013 konec prvn\u00edho z\u00e1vodu<\/p>\n\n\n\n<p>11:45 \u2013 12:15 V\u00e1\u017een\u00ed<\/p>\n\n\n\n<p>11:45 \u2013 13:00 1.sign\u00e1l &#8211; p\u0159\u00edprava na druh\u00fd z\u00e1vod<\/p>\n\n\n\n<p>13:00 2.sign\u00e1l \u2013 za\u010d\u00e1tek druh\u00e9ho z\u00e1vodu<\/p>\n\n\n\n<p>15:55 3.sign\u00e1l \u2013 5 minut do konce druh\u00e9ho z\u00e1vodu<\/p>\n\n\n\n<p>16:00 4.sign\u00e1l \u2013 konec druh\u00e9ho z\u00e1vodu<\/p>\n\n\n\n<p>16:00 \u2013 16:30 V\u00e1\u017een\u00ed<\/p>\n\n\n\n<p>16:30 \u2013 vyhl\u00e1\u0161en\u00ed v\u00edt\u011bz\u016f<\/p>\n\n\n\n<p><strong>Popis z\u00e1vodn\u00ed trat\u011b:<\/strong><\/p>\n\n\n\n<p>Tra\u0165 se nach\u00e1z\u00ed na p\u00edskovn\u011b v Kr\u010dmani. Hloubka 1-3m. Obs\u00e1dka plotice, cejn,\nkaras a kapr.<\/p>\n\n\n\n<p><strong>Pravidla:<\/strong><\/p>\n\n\n\n<p><strong>Tento z\u00e1vod je vyhl\u00e1\u0161en\u00fd jako n\u00e1borov\u00fd \u2013 z\u00e1vodn\u00edk nemus\u00ed m\u00edt vylepenou\nzn\u00e1mku sportovce ani provedenou registraci sportovce na webu \u010cRS.<\/strong><\/p>\n\n\n\n<p>Ka\u017ed\u00fd z\u00e1vodn\u00edk z\u00e1vod\u00ed na vlastn\u00ed nebezpe\u010d\u00ed. Sout\u011b\u017e\u00ed se dle Z\u00e1vodn\u00edho \u0159\u00e1du\nLRU feeder 2024 a Sout\u011b\u017en\u00edho \u0159\u00e1du 2024. Viz <a href=\"https:\/\/l.facebook.com\/l.php?u=http%3A%2F%2Fwww.rybsvaz.cz%2F%3Ffbclid%3DIwAR3avH1AsgFW3dgKyOYM0sPw4y5iz39PbaidM0azmUXu4yZm543Uuw4-dxU&amp;h=AT0fseYi_t5ViiAge6lsjIK9via0JTeezSL1_xAlnym6H78ctM_9Vh-A-OztlanOajV6M0vw2ZRtwlo0gTAiqC0VLvt4trPVsRC_jN6L5gcxZZFWkr5HelwmWDWrsXEwSBib&amp;__tn__=-UK-R&amp;c%5b0%5d=AT28UCv7EAT-uBtZoUtCr3Utq5mR254jEjNLyf9-mRfqbsAUDvHcIc-wT2punMXOZH2I3Ys8CRZIsv6wLGLEJspKqLwfoqoeVf2GoyRppG5BU7TmGD1w3KqHCnmAJa2G7mRx7-1qO4dPLQ\" target=\"_blank\" rel=\"noreferrer noopener\">http:\/\/www.rybsvaz.cz\/<\/a><\/p>\n\n\n\n<p>P\u0159ihl\u00e1\u0161en\u00edm se z\u00e1vodn\u00edk zavazuje, \u017ee je s t\u011bmito \u0159\u00e1dy sezn\u00e1men a bude se\njimi \u0159\u00eddit.<\/p>\n\n\n\n<p>P\u0159ihl\u00e1\u0161ky do 16.10.2024 u Jirky Jani\u0161e na e-mail: charlifisch@seznam.cz ,\nnebo SMS na tel. 608639810 ( P\u0159\u00edjmen\u00ed a Jm\u00e9no, domovsk\u00e1 MO \u010cRS ). Z\u00e1vodn\u00edk mus\u00ed\nm\u00edt platnou povolenku pro \u00daS Moravskoslezsk\u00fd a st\u00e1tn\u00ed Ryb\u00e1\u0159sk\u00fd l\u00edstek dle\nryb\u00e1\u0159sk\u00e9ho \u0159\u00e1du.<\/p>\n\n\n\n<p>Parkov\u00e1n\u00ed vozidel je mo\u017en\u00e9 na cest\u011b pod\u00e9l z\u00e1vodn\u00ed trat\u011b (za p\u0159edpokladu\ndodr\u017eov\u00e1n\u00ed dopravn\u00edch p\u0159edpis\u016f) a na p\u0159ilehl\u00fdch parkovi\u0161t\u00edch.<\/p>\n\n\n\n<p><strong>Z\u00e1vodn\u00edci z\u00e1vod\u00ed na vlastn\u00ed nebezpe\u010d\u00ed a po\u0159adatel neru\u010d\u00ed za \u0161kody jim nebo\njimi zp\u016fsoben\u00e9.<\/strong><\/p>\n\n\n\n<p><strong>Po\u0159adatel\u00e9 ob\u010derstven\u00ed nezaji\u0161\u0165uj\u00ed.<\/strong><\/p>\n\n\n\n<div class=\"wp-block-file\"><a href=\"https:\/\/www.crs-roznov.cz\/wordpress\/wp-content\/uploads\/2024\/10\/Memori\u00e1l-Vladim\u00edra-Kr\u00e1l\u00edka-LRU-Feeder-2024.pdf\">Memori\u00e1l-Vladim\u00edra-Kr\u00e1l\u00edka-LRU-Feeder-2024<\/a><a href=\"https:\/\/www.crs-roznov.cz\/wordpress\/wp-content\/uploads\/2024\/10\/Memori\u00e1l-Vladim\u00edra-Kr\u00e1l\u00edka-LRU-Feeder-2024.pdf\" class=\"wp-block-file__button\" download>St\u00e1hnout<\/a><\/div>\n\n\n\n<div class=\"wp-block-file\"><a href=\"https:\/\/www.crs-roznov.cz\/wordpress\/wp-content\/uploads\/2024\/10\/Memori\u00e1l-Vladim\u00edra-Kr\u00e1l\u00edka-LRU-Feeder-2024.docx\">Memori\u00e1l-Vladim\u00edra-Kr\u00e1l\u00edka-LRU-Feeder-2024<\/a><a href=\"https:\/\/www.crs-roznov.cz\/wordpress\/wp-content\/uploads\/2024\/10\/Memori\u00e1l-Vladim\u00edra-Kr\u00e1l\u00edka-LRU-Feeder-2024.docx\" class=\"wp-block-file__button\" download>St\u00e1hnout<\/a><\/div>\n","protected":false},"excerpt":{"rendered":"<p>Term\u00edn: 19.10. 2024 Kr\u010dma\u0148 1A (471 221 \u2013 MO Brodek u P\u0159erova) Po\u0159adatel: odbor LRU Feeder \u00daS Moravskoslezsk\u00fd ve spoluprac\u00ed s MO Brodek u P\u0159erova Garant z\u00e1vodu: Ji\u0159\u00ed Jani\u0161 Hlavn\u00ed rozhod\u010d\u00ed: Ji\u0159\u00ed Matej Jury: bude stanovena z&nbsp;\u0159ad z\u00e1vodn\u00edk\u016f Startovn\u00e9: 100 K\u010d Popis z\u00e1vodu: Jedn\u00e1 se o otev\u0159en\u00fd n\u00e1borov\u00fd z\u00e1vod jednotlivc\u016f. Z\u00e1vod se skl\u00e1d\u00e1 ze dvou [&hellip;]<\/p>\n","protected":false},"author":10,"featured_media":0,"comment_status":"open","ping_status":"open","sticky":false,"template":"","format":"standard","meta":{"footnotes":""},"categories":[1],"tags":[],"class_list":["post-1268","post","type-post","status-publish","format-standard","hentry","category-nezarazene"],"_links":{"self":[{"href":"https:\/\/www.crs-roznov.cz\/wordpress\/wp-json\/wp\/v2\/posts\/1268","targetHints":{"allow":["GET"]}}],"collection":[{"href":"https:\/\/www.crs-roznov.cz\/wordpress\/wp-json\/wp\/v2\/posts"}],"about":[{"href":"https:\/\/www.crs-roznov.cz\/wordpress\/wp-json\/wp\/v2\/types\/post"}],"author":[{"embeddable":true,"href":"https:\/\/www.crs-roznov.cz\/wordpress\/wp-json\/wp\/v2\/users\/10"}],"replies":[{"embeddable":true,"href":"https:\/\/www.crs-roznov.cz\/wordpress\/wp-json\/wp\/v2\/comments?post=1268"}],"version-history":[{"count":1,"href":"https:\/\/www.crs-roznov.cz\/wordpress\/wp-json\/wp\/v2\/posts\/1268\/revisions"}],"predecessor-version":[{"id":1271,"href":"https:\/\/www.crs-roznov.cz\/wordpress\/wp-json\/wp\/v2\/posts\/1268\/revisions\/1271"}],"wp:attachment":[{"href":"https:\/\/www.crs-roznov.cz\/wordpress\/wp-json\/wp\/v2\/media?parent=1268"}],"wp:term":[{"taxonomy":"category","embeddable":true,"href":"https:\/\/www.crs-roznov.cz\/wordpress\/wp-json\/wp\/v2\/categories?post=1268"},{"taxonomy":"post_tag","embeddable":true,"href":"https:\/\/www.crs-roznov.cz\/wordpress\/wp-json\/wp\/v2\/tags?post=1268"}],"curies":[{"name":"wp","href":"https:\/\/api.w.org\/{rel}","templated":true}]}}